{"id":424,"date":"2020-08-04T09:05:24","date_gmt":"2020-08-04T09:05:24","guid":{"rendered":"https:\/\/motif.es\/blog\/?p=424"},"modified":"2020-11-30T12:13:28","modified_gmt":"2020-11-30T12:13:28","slug":"gallery-walls-la-ultima-tendencia-a-la-que-no-hemos-podido-resistirnos","status":"publish","type":"post","link":"https:\/\/www.motif.es\/blog\/gallery-walls-la-ultima-tendencia-a-la-que-no-hemos-podido-resistirnos\/","title":{"rendered":"Gallery Walls, la \u00faltima tendencia a la que no hemos podido resistirnos"},"content":{"rendered":"<p dir=\"ltr\" style=\"line-height: 1.38; margin-top: 0pt; margin-bottom: 0pt;\"><span style=\"font-size: 12pt; font-family: Calibri, sans-serif; color: #000000; background-color: transparent; font-weight: 400; font-style: normal; font-variant: normal; text-decoration: none; vertical-align: baseline; white-space: pre-wrap;\">Despu\u00e9s de los papeles pintados y los murales pens\u00e1bamos que ya ten\u00edamos listo todo lo que podr\u00edamos ofrecerte para decorar tu pared \u00a1pero no! Las tendencias lo dejaron claro y las <strong>Gallery Walls fueron la respuesta<\/strong>.<\/span><\/p>\n<p dir=\"ltr\" style=\"line-height: 1.38; margin-top: 0pt; margin-bottom: 0pt;\"><span style=\"font-size: 12pt; font-family: Calibri, sans-serif; color: #000000; background-color: transparent; font-weight: 400; font-style: normal; font-variant: normal; text-decoration: none; vertical-align: baseline; white-space: pre-wrap;\">\u00a0<\/span><\/p>\n<p dir=\"ltr\" style=\"line-height: 1.38; margin-top: 0pt; margin-bottom: 0pt;\"><span style=\"font-size: 12pt; font-family: Calibri, sans-serif; color: #000000; background-color: transparent; font-weight: 400; font-style: normal; font-variant: normal; text-decoration: none; vertical-align: baseline; white-space: pre-wrap;\">\u00bfQu\u00e9 son las <a href=\"https:\/\/www.motif.es\/125-laminas\" target=\"_blank\" rel=\"noreferrer noopener\">Gallery Walls<\/a>? Quita esa cara de p\u00f3ker, las has visto mil veces. Son esas paredes <span style=\"text-decoration: underline;\">llenas de preciosas l\u00e1minas<\/span> que hacen un conjunto perfecto. Esas que ves y dices \u201c\u00a1uff! Solo de pensar en d\u00f3nde encontrar el set perfecto se me van las ganas\u201d, hasta que descubres las de Motif.<\/span><\/p>\n<p dir=\"ltr\" style=\"line-height: 1.38; margin-top: 0pt; margin-bottom: 0pt;\"><span style=\"font-size: 12pt; font-family: Calibri, sans-serif; color: #000000; background-color: transparent; font-weight: 400; font-style: normal; font-variant: normal; text-decoration: none; vertical-align: baseline; white-space: pre-wrap;\">\u00a0<\/span><\/p>\n<p dir=\"ltr\" style=\"line-height: 1.38; margin-top: 0pt; margin-bottom: 0pt;\"><span style=\"font-size: 12pt; font-family: Calibri, sans-serif; color: #000000; background-color: transparent; font-weight: 400; font-style: normal; font-variant: normal; text-decoration: none; vertical-align: baseline; white-space: pre-wrap;\">Con nuestros sets se acabaron las dudas, <strong>el pack viene montado<\/strong>. Tienes diferentes conjuntos y pueden ir entre 5 y 8 piezas, depende de la colecci\u00f3n que elijas. Adem\u00e1s, te proponemos una <span style=\"text-decoration: underline;\">disposici\u00f3n ideal<\/span> para que no tengas que pasar horas viendo c\u00f3mo colocarlas.<\/span><\/p>\n<p dir=\"ltr\" style=\"line-height: 1.38; margin-top: 0pt; margin-bottom: 0pt;\"><span style=\"font-size: 12pt; font-family: Calibri, sans-serif; color: #000000; background-color: transparent; font-weight: 400; font-style: normal; font-variant: normal; text-decoration: none; vertical-align: baseline; white-space: pre-wrap;\">\u00a0<\/span><\/p>\n<p dir=\"ltr\" style=\"line-height: 1.38; margin-top: 0pt; margin-bottom: 0pt;\"><span style=\"font-size: 12pt; font-family: Calibri, sans-serif; color: #000000; background-color: transparent; font-weight: 400; font-style: normal; font-variant: normal; text-decoration: none; vertical-align: baseline; white-space: pre-wrap;\">Nuestra b\u00fasqueda por la excelencia ha hecho que nuestras l\u00e1minas, adem\u00e1s de preciosas, tengan <a href=\"https:\/\/es.wikipedia.org\/wiki\/Consejo_de_Administraci%C3%B3n_Forestal\" target=\"_blank\" rel=\"noreferrer noopener\">sello FSC<\/a>. Esto corrobora que est\u00e1n fabricadas de modo que <strong>contribuyen a la conservaci\u00f3n de bosques<\/strong>. Y ya sabes, todo <span style=\"text-decoration: underline;\">fabricado y dise\u00f1ado por nosotros en Espa\u00f1a<\/span>.<\/span><\/p>\n<p dir=\"ltr\" style=\"line-height: 1.38; margin-top: 0pt; margin-bottom: 0pt;\"><span style=\"font-size: 12pt; font-family: Calibri, sans-serif; color: #000000; background-color: transparent; font-weight: 400; font-style: normal; font-variant: normal; text-decoration: none; vertical-align: baseline; white-space: pre-wrap;\">\u00a0<\/span><\/p>\n<p dir=\"ltr\" style=\"line-height: 1.38; margin-top: 0pt; margin-bottom: 0pt;\"><span style=\"font-size: 12pt; font-family: Calibri, sans-serif; color: #000000; background-color: transparent; font-weight: 400; font-style: normal; font-variant: normal; text-decoration: none; vertical-align: baseline; white-space: pre-wrap;\">Por \u00faltimo, como ya sabr\u00e1s si nos conoces un poquito, nuestra obsesi\u00f3n por las tendencias hace que siempre tengas <strong>las \u00faltimas modas disponibles en nuestra tienda<\/strong>. Si te paseas un momento por nuestra secci\u00f3n de l\u00e1minas ver\u00e1s que nuestra selecci\u00f3n de conjuntos est\u00e1 escogida minuciosamente, solo colgamos en nuestra web aquellos dise\u00f1os que cumplen con nuestro <strong>requisito Motif<\/strong>: <span style=\"text-decoration: underline;\">precioso y en tendencia<\/span> para llenar tu pared de moda.<\/span><\/p>\n","protected":false},"excerpt":{"rendered":"<p>Despu\u00e9s de los papeles pintados y los murales pens\u00e1bamos que ya ten\u00edamos listo todo lo que podr\u00edamos ofrecerte para decorar tu pared \u00a1pero no! Las tendencias lo dejaron claro y las Gallery Walls fueron la respuesta. \u00a0 \u00bfQu\u00e9 son las Gallery Walls? Quita esa cara de p\u00f3ker, las has visto mil veces. Son esas paredes [&#8230;]<\/p>\n","protected":false},"author":2,"featured_media":425,"comment_status":"open","ping_status":"open","sticky":false,"template":"","format":"standard","meta":{"_acf_changed":false,"footnotes":""},"categories":[4],"tags":[],"class_list":["post-424","post","type-post","status-publish","format-standard","has-post-thumbnail","hentry","category-sobre-murales-autoadhesivos"],"acf":[],"yoast_head":"<!-- This site is optimized with the Yoast SEO plugin v27.5 - https:\/\/yoast.com\/product\/yoast-seo-wordpress\/ -->\n<title>Gallery Walls, la \u00faltima tendencia a la que no hemos podido resistirnos - Blog Motif<\/title>\n<meta name=\"description\" content=\"Despu\u00e9s de los papeles pintados y los murales pens\u00e1bamos que ya ten\u00edamos listo todo lo que podr\u00edamos ofrecerte para decorar tu pared \u00a1pero no! Las\" \/>\n<meta name=\"robots\" content=\"index, follow, max-snippet:-1, max-image-preview:large, max-video-preview:-1\" \/>\n<link rel=\"canonical\" href=\"https:\/\/www.motif.es\/blog\/gallery-walls-la-ultima-tendencia-a-la-que-no-hemos-podido-resistirnos\/\" \/>\n<meta property=\"og:locale\" content=\"es_ES\" \/>\n<meta property=\"og:type\" content=\"article\" \/>\n<meta property=\"og:title\" content=\"Gallery Walls, la \u00faltima tendencia a la que no hemos podido resistirnos - Blog Motif\" \/>\n<meta property=\"og:description\" content=\"Despu\u00e9s de los papeles pintados y los murales pens\u00e1bamos que ya ten\u00edamos listo todo lo que podr\u00edamos ofrecerte para decorar tu pared \u00a1pero no! Las\" \/>\n<meta property=\"og:url\" content=\"https:\/\/www.motif.es\/blog\/gallery-walls-la-ultima-tendencia-a-la-que-no-hemos-podido-resistirnos\/\" \/>\n<meta property=\"og:site_name\" content=\"Blog Motif\" \/>\n<meta property=\"article:publisher\" content=\"https:\/\/www.facebook.com\/motifmorethanwalls\/\" \/>\n<meta property=\"article:published_time\" content=\"2020-08-04T09:05:24+00:00\" \/>\n<meta property=\"article:modified_time\" content=\"2020-11-30T12:13:28+00:00\" \/>\n<meta property=\"og:image\" content=\"https:\/\/www.motif.es\/blog\/wp-content\/uploads\/2020\/11\/b-coleccion-lines.jpg\" \/>\n\t<meta property=\"og:image:width\" content=\"1000\" \/>\n\t<meta property=\"og:image:height\" content=\"1000\" \/>\n\t<meta property=\"og:image:type\" content=\"image\/jpeg\" \/>\n<meta name=\"author\" content=\"Comunicaci\u00f3n Motif\" \/>\n<meta name=\"twitter:card\" content=\"summary_large_image\" \/>\n<meta name=\"twitter:label1\" content=\"Escrito por\" \/>\n\t<meta name=\"twitter:data1\" content=\"Comunicaci\u00f3n Motif\" \/>\n\t<meta name=\"twitter:label2\" content=\"Tiempo de lectura\" \/>\n\t<meta name=\"twitter:data2\" content=\"1 minuto\" \/>\n<script type=\"application\/ld+json\" class=\"yoast-schema-graph\">{\"@context\":\"https:\\\/\\\/schema.org\",\"@graph\":[{\"@type\":\"Article\",\"@id\":\"https:\\\/\\\/www.motif.es\\\/blog\\\/gallery-walls-la-ultima-tendencia-a-la-que-no-hemos-podido-resistirnos\\\/#article\",\"isPartOf\":{\"@id\":\"https:\\\/\\\/www.motif.es\\\/blog\\\/gallery-walls-la-ultima-tendencia-a-la-que-no-hemos-podido-resistirnos\\\/\"},\"author\":{\"name\":\"Comunicaci\u00f3n Motif\",\"@id\":\"https:\\\/\\\/www.motif.es\\\/blog\\\/#\\\/schema\\\/person\\\/aac26ed80d8e02fb9525ec6b569d75e9\"},\"headline\":\"Gallery Walls, la \u00faltima tendencia a la que no hemos podido resistirnos\",\"datePublished\":\"2020-08-04T09:05:24+00:00\",\"dateModified\":\"2020-11-30T12:13:28+00:00\",\"mainEntityOfPage\":{\"@id\":\"https:\\\/\\\/www.motif.es\\\/blog\\\/gallery-walls-la-ultima-tendencia-a-la-que-no-hemos-podido-resistirnos\\\/\"},\"wordCount\":277,\"commentCount\":0,\"publisher\":{\"@id\":\"https:\\\/\\\/www.motif.es\\\/blog\\\/#organization\"},\"image\":{\"@id\":\"https:\\\/\\\/www.motif.es\\\/blog\\\/gallery-walls-la-ultima-tendencia-a-la-que-no-hemos-podido-resistirnos\\\/#primaryimage\"},\"thumbnailUrl\":\"https:\\\/\\\/www.motif.es\\\/blog\\\/wp-content\\\/uploads\\\/2020\\\/11\\\/b-coleccion-lines.jpg\",\"articleSection\":[\"sobre murales autoadhesivos\"],\"inLanguage\":\"es\",\"potentialAction\":[{\"@type\":\"CommentAction\",\"name\":\"Comment\",\"target\":[\"https:\\\/\\\/www.motif.es\\\/blog\\\/gallery-walls-la-ultima-tendencia-a-la-que-no-hemos-podido-resistirnos\\\/#respond\"]}]},{\"@type\":\"WebPage\",\"@id\":\"https:\\\/\\\/www.motif.es\\\/blog\\\/gallery-walls-la-ultima-tendencia-a-la-que-no-hemos-podido-resistirnos\\\/\",\"url\":\"https:\\\/\\\/www.motif.es\\\/blog\\\/gallery-walls-la-ultima-tendencia-a-la-que-no-hemos-podido-resistirnos\\\/\",\"name\":\"Gallery Walls, la \u00faltima tendencia a la que no hemos podido resistirnos - Blog Motif\",\"isPartOf\":{\"@id\":\"https:\\\/\\\/www.motif.es\\\/blog\\\/#website\"},\"primaryImageOfPage\":{\"@id\":\"https:\\\/\\\/www.motif.es\\\/blog\\\/gallery-walls-la-ultima-tendencia-a-la-que-no-hemos-podido-resistirnos\\\/#primaryimage\"},\"image\":{\"@id\":\"https:\\\/\\\/www.motif.es\\\/blog\\\/gallery-walls-la-ultima-tendencia-a-la-que-no-hemos-podido-resistirnos\\\/#primaryimage\"},\"thumbnailUrl\":\"https:\\\/\\\/www.motif.es\\\/blog\\\/wp-content\\\/uploads\\\/2020\\\/11\\\/b-coleccion-lines.jpg\",\"datePublished\":\"2020-08-04T09:05:24+00:00\",\"dateModified\":\"2020-11-30T12:13:28+00:00\",\"description\":\"Despu\u00e9s de los papeles pintados y los murales pens\u00e1bamos que ya ten\u00edamos listo todo lo que podr\u00edamos ofrecerte para decorar tu pared \u00a1pero no! Las\",\"breadcrumb\":{\"@id\":\"https:\\\/\\\/www.motif.es\\\/blog\\\/gallery-walls-la-ultima-tendencia-a-la-que-no-hemos-podido-resistirnos\\\/#breadcrumb\"},\"inLanguage\":\"es\",\"potentialAction\":[{\"@type\":\"ReadAction\",\"target\":[\"https:\\\/\\\/www.motif.es\\\/blog\\\/gallery-walls-la-ultima-tendencia-a-la-que-no-hemos-podido-resistirnos\\\/\"]}]},{\"@type\":\"ImageObject\",\"inLanguage\":\"es\",\"@id\":\"https:\\\/\\\/www.motif.es\\\/blog\\\/gallery-walls-la-ultima-tendencia-a-la-que-no-hemos-podido-resistirnos\\\/#primaryimage\",\"url\":\"https:\\\/\\\/www.motif.es\\\/blog\\\/wp-content\\\/uploads\\\/2020\\\/11\\\/b-coleccion-lines.jpg\",\"contentUrl\":\"https:\\\/\\\/www.motif.es\\\/blog\\\/wp-content\\\/uploads\\\/2020\\\/11\\\/b-coleccion-lines.jpg\",\"width\":1000,\"height\":1000},{\"@type\":\"BreadcrumbList\",\"@id\":\"https:\\\/\\\/www.motif.es\\\/blog\\\/gallery-walls-la-ultima-tendencia-a-la-que-no-hemos-podido-resistirnos\\\/#breadcrumb\",\"itemListElement\":[{\"@type\":\"ListItem\",\"position\":1,\"name\":\"Blog\",\"item\":\"https:\\\/\\\/www.motif.es\\\/blog\\\/\"},{\"@type\":\"ListItem\",\"position\":2,\"name\":\"sobre murales autoadhesivos\",\"item\":\"https:\\\/\\\/www.motif.es\\\/blog\\\/category\\\/sobre-murales-autoadhesivos\\\/\"},{\"@type\":\"ListItem\",\"position\":3,\"name\":\"Gallery Walls, la \u00faltima tendencia a la que no hemos podido resistirnos\"}]},{\"@type\":\"WebSite\",\"@id\":\"https:\\\/\\\/www.motif.es\\\/blog\\\/#website\",\"url\":\"https:\\\/\\\/www.motif.es\\\/blog\\\/\",\"name\":\"Blog Motif\",\"description\":\"nuestro rinc\u00f3n para inspirarte\",\"publisher\":{\"@id\":\"https:\\\/\\\/www.motif.es\\\/blog\\\/#organization\"},\"potentialAction\":[{\"@type\":\"SearchAction\",\"target\":{\"@type\":\"EntryPoint\",\"urlTemplate\":\"https:\\\/\\\/www.motif.es\\\/blog\\\/?s={search_term_string}\"},\"query-input\":{\"@type\":\"PropertyValueSpecification\",\"valueRequired\":true,\"valueName\":\"search_term_string\"}}],\"inLanguage\":\"es\"},{\"@type\":\"Organization\",\"@id\":\"https:\\\/\\\/www.motif.es\\\/blog\\\/#organization\",\"name\":\"Motif Wallpapers S.L.U.\",\"url\":\"https:\\\/\\\/www.motif.es\\\/blog\\\/\",\"logo\":{\"@type\":\"ImageObject\",\"inLanguage\":\"es\",\"@id\":\"https:\\\/\\\/www.motif.es\\\/blog\\\/#\\\/schema\\\/logo\\\/image\\\/\",\"url\":\"https:\\\/\\\/motif.es\\\/blog\\\/wp-content\\\/uploads\\\/2021\\\/06\\\/logo-motif.jpg\",\"contentUrl\":\"https:\\\/\\\/motif.es\\\/blog\\\/wp-content\\\/uploads\\\/2021\\\/06\\\/logo-motif.jpg\",\"width\":464,\"height\":464,\"caption\":\"Motif Wallpapers S.L.U.\"},\"image\":{\"@id\":\"https:\\\/\\\/www.motif.es\\\/blog\\\/#\\\/schema\\\/logo\\\/image\\\/\"},\"sameAs\":[\"https:\\\/\\\/www.facebook.com\\\/motifmorethanwalls\\\/\",\"https:\\\/\\\/www.instagram.com\\\/motif_es\\\/?hl=es\",\"https:\\\/\\\/www.pinterest.es\\\/motifwallpapers\\\/\",\"https:\\\/\\\/www.youtube.com\\\/channel\\\/UCNaOmbxD6LjcQNj4vmfVIUg\"]},{\"@type\":\"Person\",\"@id\":\"https:\\\/\\\/www.motif.es\\\/blog\\\/#\\\/schema\\\/person\\\/aac26ed80d8e02fb9525ec6b569d75e9\",\"name\":\"Comunicaci\u00f3n Motif\",\"image\":{\"@type\":\"ImageObject\",\"inLanguage\":\"es\",\"@id\":\"https:\\\/\\\/secure.gravatar.com\\\/avatar\\\/93b2fb49a03bd7a57b5f5e8c3b740113f14f25da86b090887d9353672de2d9b5?s=96&d=mm&r=g\",\"url\":\"https:\\\/\\\/secure.gravatar.com\\\/avatar\\\/93b2fb49a03bd7a57b5f5e8c3b740113f14f25da86b090887d9353672de2d9b5?s=96&d=mm&r=g\",\"contentUrl\":\"https:\\\/\\\/secure.gravatar.com\\\/avatar\\\/93b2fb49a03bd7a57b5f5e8c3b740113f14f25da86b090887d9353672de2d9b5?s=96&d=mm&r=g\",\"caption\":\"Comunicaci\u00f3n Motif\"},\"url\":\"https:\\\/\\\/www.motif.es\\\/blog\\\/author\\\/comunicacion\\\/\"}]}<\/script>\n<!-- \/ Yoast SEO plugin. -->","yoast_head_json":{"title":"Gallery Walls, la \u00faltima tendencia a la que no hemos podido resistirnos - Blog Motif","description":"Despu\u00e9s de los papeles pintados y los murales pens\u00e1bamos que ya ten\u00edamos listo todo lo que podr\u00edamos ofrecerte para decorar tu pared \u00a1pero no! Las","robots":{"index":"index","follow":"follow","max-snippet":"max-snippet:-1","max-image-preview":"max-image-preview:large","max-video-preview":"max-video-preview:-1"},"canonical":"https:\/\/www.motif.es\/blog\/gallery-walls-la-ultima-tendencia-a-la-que-no-hemos-podido-resistirnos\/","og_locale":"es_ES","og_type":"article","og_title":"Gallery Walls, la \u00faltima tendencia a la que no hemos podido resistirnos - Blog Motif","og_description":"Despu\u00e9s de los papeles pintados y los murales pens\u00e1bamos que ya ten\u00edamos listo todo lo que podr\u00edamos ofrecerte para decorar tu pared \u00a1pero no! Las","og_url":"https:\/\/www.motif.es\/blog\/gallery-walls-la-ultima-tendencia-a-la-que-no-hemos-podido-resistirnos\/","og_site_name":"Blog Motif","article_publisher":"https:\/\/www.facebook.com\/motifmorethanwalls\/","article_published_time":"2020-08-04T09:05:24+00:00","article_modified_time":"2020-11-30T12:13:28+00:00","og_image":[{"width":1000,"height":1000,"url":"https:\/\/www.motif.es\/blog\/wp-content\/uploads\/2020\/11\/b-coleccion-lines.jpg","type":"image\/jpeg"}],"author":"Comunicaci\u00f3n Motif","twitter_card":"summary_large_image","twitter_misc":{"Escrito por":"Comunicaci\u00f3n Motif","Tiempo de lectura":"1 minuto"},"schema":{"@context":"https:\/\/schema.org","@graph":[{"@type":"Article","@id":"https:\/\/www.motif.es\/blog\/gallery-walls-la-ultima-tendencia-a-la-que-no-hemos-podido-resistirnos\/#article","isPartOf":{"@id":"https:\/\/www.motif.es\/blog\/gallery-walls-la-ultima-tendencia-a-la-que-no-hemos-podido-resistirnos\/"},"author":{"name":"Comunicaci\u00f3n Motif","@id":"https:\/\/www.motif.es\/blog\/#\/schema\/person\/aac26ed80d8e02fb9525ec6b569d75e9"},"headline":"Gallery Walls, la \u00faltima tendencia a la que no hemos podido resistirnos","datePublished":"2020-08-04T09:05:24+00:00","dateModified":"2020-11-30T12:13:28+00:00","mainEntityOfPage":{"@id":"https:\/\/www.motif.es\/blog\/gallery-walls-la-ultima-tendencia-a-la-que-no-hemos-podido-resistirnos\/"},"wordCount":277,"commentCount":0,"publisher":{"@id":"https:\/\/www.motif.es\/blog\/#organization"},"image":{"@id":"https:\/\/www.motif.es\/blog\/gallery-walls-la-ultima-tendencia-a-la-que-no-hemos-podido-resistirnos\/#primaryimage"},"thumbnailUrl":"https:\/\/www.motif.es\/blog\/wp-content\/uploads\/2020\/11\/b-coleccion-lines.jpg","articleSection":["sobre murales autoadhesivos"],"inLanguage":"es","potentialAction":[{"@type":"CommentAction","name":"Comment","target":["https:\/\/www.motif.es\/blog\/gallery-walls-la-ultima-tendencia-a-la-que-no-hemos-podido-resistirnos\/#respond"]}]},{"@type":"WebPage","@id":"https:\/\/www.motif.es\/blog\/gallery-walls-la-ultima-tendencia-a-la-que-no-hemos-podido-resistirnos\/","url":"https:\/\/www.motif.es\/blog\/gallery-walls-la-ultima-tendencia-a-la-que-no-hemos-podido-resistirnos\/","name":"Gallery Walls, la \u00faltima tendencia a la que no hemos podido resistirnos - Blog Motif","isPartOf":{"@id":"https:\/\/www.motif.es\/blog\/#website"},"primaryImageOfPage":{"@id":"https:\/\/www.motif.es\/blog\/gallery-walls-la-ultima-tendencia-a-la-que-no-hemos-podido-resistirnos\/#primaryimage"},"image":{"@id":"https:\/\/www.motif.es\/blog\/gallery-walls-la-ultima-tendencia-a-la-que-no-hemos-podido-resistirnos\/#primaryimage"},"thumbnailUrl":"https:\/\/www.motif.es\/blog\/wp-content\/uploads\/2020\/11\/b-coleccion-lines.jpg","datePublished":"2020-08-04T09:05:24+00:00","dateModified":"2020-11-30T12:13:28+00:00","description":"Despu\u00e9s de los papeles pintados y los murales pens\u00e1bamos que ya ten\u00edamos listo todo lo que podr\u00edamos ofrecerte para decorar tu pared \u00a1pero no! Las","breadcrumb":{"@id":"https:\/\/www.motif.es\/blog\/gallery-walls-la-ultima-tendencia-a-la-que-no-hemos-podido-resistirnos\/#breadcrumb"},"inLanguage":"es","potentialAction":[{"@type":"ReadAction","target":["https:\/\/www.motif.es\/blog\/gallery-walls-la-ultima-tendencia-a-la-que-no-hemos-podido-resistirnos\/"]}]},{"@type":"ImageObject","inLanguage":"es","@id":"https:\/\/www.motif.es\/blog\/gallery-walls-la-ultima-tendencia-a-la-que-no-hemos-podido-resistirnos\/#primaryimage","url":"https:\/\/www.motif.es\/blog\/wp-content\/uploads\/2020\/11\/b-coleccion-lines.jpg","contentUrl":"https:\/\/www.motif.es\/blog\/wp-content\/uploads\/2020\/11\/b-coleccion-lines.jpg","width":1000,"height":1000},{"@type":"BreadcrumbList","@id":"https:\/\/www.motif.es\/blog\/gallery-walls-la-ultima-tendencia-a-la-que-no-hemos-podido-resistirnos\/#breadcrumb","itemListElement":[{"@type":"ListItem","position":1,"name":"Blog","item":"https:\/\/www.motif.es\/blog\/"},{"@type":"ListItem","position":2,"name":"sobre murales autoadhesivos","item":"https:\/\/www.motif.es\/blog\/category\/sobre-murales-autoadhesivos\/"},{"@type":"ListItem","position":3,"name":"Gallery Walls, la \u00faltima tendencia a la que no hemos podido resistirnos"}]},{"@type":"WebSite","@id":"https:\/\/www.motif.es\/blog\/#website","url":"https:\/\/www.motif.es\/blog\/","name":"Blog Motif","description":"nuestro rinc\u00f3n para inspirarte","publisher":{"@id":"https:\/\/www.motif.es\/blog\/#organization"},"potentialAction":[{"@type":"SearchAction","target":{"@type":"EntryPoint","urlTemplate":"https:\/\/www.motif.es\/blog\/?s={search_term_string}"},"query-input":{"@type":"PropertyValueSpecification","valueRequired":true,"valueName":"search_term_string"}}],"inLanguage":"es"},{"@type":"Organization","@id":"https:\/\/www.motif.es\/blog\/#organization","name":"Motif Wallpapers S.L.U.","url":"https:\/\/www.motif.es\/blog\/","logo":{"@type":"ImageObject","inLanguage":"es","@id":"https:\/\/www.motif.es\/blog\/#\/schema\/logo\/image\/","url":"https:\/\/motif.es\/blog\/wp-content\/uploads\/2021\/06\/logo-motif.jpg","contentUrl":"https:\/\/motif.es\/blog\/wp-content\/uploads\/2021\/06\/logo-motif.jpg","width":464,"height":464,"caption":"Motif Wallpapers S.L.U."},"image":{"@id":"https:\/\/www.motif.es\/blog\/#\/schema\/logo\/image\/"},"sameAs":["https:\/\/www.facebook.com\/motifmorethanwalls\/","https:\/\/www.instagram.com\/motif_es\/?hl=es","https:\/\/www.pinterest.es\/motifwallpapers\/","https:\/\/www.youtube.com\/channel\/UCNaOmbxD6LjcQNj4vmfVIUg"]},{"@type":"Person","@id":"https:\/\/www.motif.es\/blog\/#\/schema\/person\/aac26ed80d8e02fb9525ec6b569d75e9","name":"Comunicaci\u00f3n Motif","image":{"@type":"ImageObject","inLanguage":"es","@id":"https:\/\/secure.gravatar.com\/avatar\/93b2fb49a03bd7a57b5f5e8c3b740113f14f25da86b090887d9353672de2d9b5?s=96&d=mm&r=g","url":"https:\/\/secure.gravatar.com\/avatar\/93b2fb49a03bd7a57b5f5e8c3b740113f14f25da86b090887d9353672de2d9b5?s=96&d=mm&r=g","contentUrl":"https:\/\/secure.gravatar.com\/avatar\/93b2fb49a03bd7a57b5f5e8c3b740113f14f25da86b090887d9353672de2d9b5?s=96&d=mm&r=g","caption":"Comunicaci\u00f3n Motif"},"url":"https:\/\/www.motif.es\/blog\/author\/comunicacion\/"}]}},"_links":{"self":[{"href":"https:\/\/www.motif.es\/blog\/wp-json\/wp\/v2\/posts\/424","targetHints":{"allow":["GET"]}}],"collection":[{"href":"https:\/\/www.motif.es\/blog\/wp-json\/wp\/v2\/posts"}],"about":[{"href":"https:\/\/www.motif.es\/blog\/wp-json\/wp\/v2\/types\/post"}],"author":[{"embeddable":true,"href":"https:\/\/www.motif.es\/blog\/wp-json\/wp\/v2\/users\/2"}],"replies":[{"embeddable":true,"href":"https:\/\/www.motif.es\/blog\/wp-json\/wp\/v2\/comments?post=424"}],"version-history":[{"count":1,"href":"https:\/\/www.motif.es\/blog\/wp-json\/wp\/v2\/posts\/424\/revisions"}],"predecessor-version":[{"id":426,"href":"https:\/\/www.motif.es\/blog\/wp-json\/wp\/v2\/posts\/424\/revisions\/426"}],"wp:featuredmedia":[{"embeddable":true,"href":"https:\/\/www.motif.es\/blog\/wp-json\/wp\/v2\/media\/425"}],"wp:attachment":[{"href":"https:\/\/www.motif.es\/blog\/wp-json\/wp\/v2\/media?parent=424"}],"wp:term":[{"taxonomy":"category","embeddable":true,"href":"https:\/\/www.motif.es\/blog\/wp-json\/wp\/v2\/categories?post=424"},{"taxonomy":"post_tag","embeddable":true,"href":"https:\/\/www.motif.es\/blog\/wp-json\/wp\/v2\/tags?post=424"}],"curies":[{"name":"wp","href":"https:\/\/api.w.org\/{rel}","templated":true}]}}