{"id":488,"date":"2020-10-13T09:45:56","date_gmt":"2020-10-13T09:45:56","guid":{"rendered":"https:\/\/motif.es\/blog\/?p=488"},"modified":"2020-11-30T12:13:27","modified_gmt":"2020-11-30T12:13:27","slug":"vuestras-fotos-nuestras-favoritas","status":"publish","type":"post","link":"https:\/\/www.motif.es\/blog\/vuestras-fotos-nuestras-favoritas\/","title":{"rendered":"Vuestras fotos, nuestras favoritas"},"content":{"rendered":"<p dir=\"ltr\" style=\"line-height: 1.38; margin-top: 0pt; margin-bottom: 0pt;\"><span style=\"font-size: 12pt; font-family: Arial; color: #000000; background-color: transparent; font-weight: 400; font-style: normal; font-variant: normal; text-decoration: none; vertical-align: baseline; white-space: pre-wrap;\">Adem\u00e1s, vosotros siempre sois nuestro mejor comercial. Ver vuestras casas tan bonitas y vuestros testimonios cargados de an\u00e9cdotas positivas son #otrorollo. Por eso, no pod\u00edamos dejaros sin espacio aqu\u00ed tambi\u00e9n, en nuestro blog. Y vamos\u00a0 a exponer algunas de vuestras fotos.<\/span><\/p>\n<p dir=\"ltr\" style=\"line-height: 1.38; margin-top: 0pt; margin-bottom: 0pt;\"><span style=\"font-size: 12pt; font-family: Arial; color: #000000; background-color: transparent; font-weight: 400; font-style: normal; font-variant: normal; text-decoration: none; vertical-align: baseline; white-space: pre-wrap;\">\u00a0<\/span><\/p>\n<p dir=\"ltr\" style=\"line-height: 1.38; margin-top: 0pt; margin-bottom: 0pt;\"><span style=\"font-size: 12pt; font-family: Arial; color: #000000; background-color: transparent; font-weight: 400; font-style: normal; font-variant: normal; text-decoration: none; vertical-align: baseline; white-space: pre-wrap;\">Como no sab\u00edamos por d\u00f3nde empezar \u00a1tenemos muchas de vosotras y todas preciosas! Hemos pensado en dar visibilidad por aqu\u00ed tambi\u00e9n cada mes a las 3 im\u00e1genes finales de nuestro sorteo mensual \u00bfQu\u00e9 no sabes de lo que te hablamos? Mira <a href=\"https:\/\/www.instagram.com\/stories\/highlights\/17876035780569577\/\" target=\"_blank\" rel=\"noreferrer noopener\">aqu\u00ed<\/a> para entenderlo todo.<\/span><\/p>\n<p dir=\"ltr\" style=\"line-height: 1.38; margin-top: 0pt; margin-bottom: 0pt;\"><span style=\"font-size: 12pt; font-family: Arial; color: #000000; background-color: transparent; font-weight: 400; font-style: normal; font-variant: normal; text-decoration: none; vertical-align: baseline; white-space: pre-wrap;\">\u00a0<\/span><\/p>\n<p dir=\"ltr\" style=\"line-height: 1.38; margin-top: 0pt; margin-bottom: 0pt;\"><span style=\"font-size: 12pt; font-family: Arial; color: #000000; background-color: transparent; font-weight: 400; font-style: normal; font-variant: normal; text-decoration: none; vertical-align: baseline; white-space: pre-wrap;\">Y ahora, sin m\u00e1s dilaci\u00f3n te presentamos a los finalistas del mes de agosto:<\/span><\/p>\n<p dir=\"ltr\" style=\"line-height: 1.38; margin-top: 0pt; margin-bottom: 0pt;\"><span style=\"font-size: 12pt; font-family: Arial; color: #000000; background-color: transparent; font-weight: 400; font-style: normal; font-variant: normal; text-decoration: none; vertical-align: baseline; white-space: pre-wrap;\">\u00a0<\/span><\/p>\n<p dir=\"ltr\" style=\"line-height: 1.38; margin-top: 0pt; margin-bottom: 0pt;\"><span style=\"font-size: 12pt; font-family: Arial; color: #000000; background-color: transparent; font-weight: 400; font-style: normal; font-variant: normal; text-decoration: none; vertical-align: baseline; white-space: pre-wrap;\">@mxar3 <span style=\"text-decoration: underline;\">nos dej\u00f3 a todos enamorados<\/span> con su espectacular recibidor. Sin lugar a dudas poner <a href=\"https:\/\/www.motif.es\/murales-autoadhesivos\/10316-6251-mural-autoadhesivo-amazonia.html#\/6-tamano_murales-132x260_cm\/54-color-verde\" target=\"_blank\" rel=\"noreferrer noopener\">Amazonia<\/a>\u00a0 la entrada de un hogar ya te anuncia que viven <strong>personas muy salvajes<\/strong> entre esas paredes, con las que la fiesta est\u00e1 asegurada<\/span><\/p>\n<p dir=\"ltr\" style=\"line-height: 1.38; margin-top: 0pt; margin-bottom: 0pt;\"><span style=\"font-size: 12pt; font-family: Arial; color: #000000; background-color: transparent; font-weight: 400; font-style: normal; font-variant: normal; text-decoration: none; vertical-align: baseline; white-space: pre-wrap;\"><img loading=\"lazy\" decoding=\"async\" src=\"https:\/\/www.motif.es\/img\/cms\/fotoclientemotif3.png\" alt=\"\" width=\"1098\" height=\"1074\" \/><\/span><\/p>\n<p dir=\"ltr\" style=\"line-height: 1.38; margin-top: 0pt; margin-bottom: 0pt;\"><span style=\"font-size: 12pt; font-family: Arial; color: #000000; background-color: transparent; font-weight: 400; font-style: normal; font-variant: normal; text-decoration: none; vertical-align: baseline; white-space: pre-wrap;\">\u00a0<\/span><\/p>\n<p dir=\"ltr\" style=\"line-height: 1.38; margin-top: 0pt; margin-bottom: 0pt;\"><span style=\"font-size: 12pt; font-family: Arial; color: #000000; background-color: transparent; font-weight: 400; font-style: normal; font-variant: normal; text-decoration: none; vertical-align: baseline; white-space: pre-wrap;\">@ohana_twins nos hizo ojitos con esta preciosa foto donde nos ense\u00f1aba las <a href=\"https:\/\/www.motif.es\/sillas\/20304-4325-mesa-daniela.html#\/60-color-negro\" target=\"_blank\" rel=\"noreferrer noopener\">sillas altas Claire<\/a> en una cocina moderna \u00a1<strong>Una pasada<\/strong>! Y es que, lo reconocemos, ahora mismo ver nuestros muebles en tu casa es <span style=\"text-decoration: underline;\">nuestra mayor debilidad<\/span>.<\/span><\/p>\n<p dir=\"ltr\" style=\"line-height: 1.38; margin-top: 0pt; margin-bottom: 0pt;\"><span style=\"font-size: 12pt; font-family: Arial; color: #000000; background-color: transparent; font-weight: 400; font-style: normal; font-variant: normal; text-decoration: none; vertical-align: baseline; white-space: pre-wrap;\">Adem\u00e1s, si te fijas, de refil\u00f3n se ve un trocito de pared con <a href=\"https:\/\/www.motif.es\/90-papeles-autoadhesivos\" target=\"_blank\" rel=\"noreferrer noopener\">nuestro papel<\/a> \u00bfAdivinas cu\u00e1l es?<\/span><\/p>\n<p dir=\"ltr\" style=\"line-height: 1.38; margin-top: 0pt; margin-bottom: 0pt;\"><span style=\"font-size: 12pt; font-family: Arial; color: #000000; background-color: transparent; font-weight: 400; font-style: normal; font-variant: normal; text-decoration: none; vertical-align: baseline; white-space: pre-wrap;\"><img loading=\"lazy\" decoding=\"async\" src=\"https:\/\/www.motif.es\/img\/cms\/fotoclientemotif2.png\" alt=\"\" width=\"1052\" height=\"1132\" \/><\/span><\/p>\n<p dir=\"ltr\" style=\"line-height: 1.38; margin-top: 0pt; margin-bottom: 0pt;\"><span style=\"font-size: 12pt; font-family: Arial; color: #000000; background-color: transparent; font-weight: 400; font-style: normal; font-variant: normal; text-decoration: none; vertical-align: baseline; white-space: pre-wrap;\">\u00a0<\/span><\/p>\n<p dir=\"ltr\" style=\"line-height: 1.38; margin-top: 0pt; margin-bottom: 0pt;\"><span style=\"font-size: 12pt; font-family: Arial; color: #000000; background-color: transparent; font-weight: 400; font-style: normal; font-variant: normal; text-decoration: none; vertical-align: baseline; white-space: pre-wrap;\">Y la \u00faltima candidata fue @poquitoapoco_decorando_ que nos ense\u00f1\u00f3 <span style=\"text-decoration: underline;\">una forma sutil<\/span> de darle otro rollo a la entrada \u00bfC\u00f3mo? Cubriendo un espacio de su armario con <a href=\"https:\/\/www.motif.es\/vinilos-para-muebles-y-paredes\/54-4015-vinilo-para-mueble-cannage.html#\/20-material-mate\/21-tamano_vinilo_para_mueble-100x100_cm\/57-color-beige\" target=\"_blank\" rel=\"noreferrer noopener\">el vinilo Cannage<\/a>, uno de vuestros favoritos. Y no nos extra\u00f1a nada porque su resultado es as\u00ed de <strong>elegant\u00f3n<\/strong>.\u00a0<\/span><\/p>\n<p dir=\"ltr\" style=\"line-height: 1.38; margin-top: 0pt; margin-bottom: 0pt;\"><span style=\"font-size: 12pt; font-family: Arial; color: #000000; background-color: transparent; font-weight: 400; font-style: normal; font-variant: normal; text-decoration: none; vertical-align: baseline; white-space: pre-wrap;\">\u00a0<\/span><\/p>\n<p dir=\"ltr\" style=\"line-height: 1.38; margin-top: 0pt; margin-bottom: 0pt;\"><span style=\"font-size: 12pt; font-family: Arial; color: #000000; background-color: transparent; font-weight: 400; font-style: normal; font-variant: normal; text-decoration: none; vertical-align: baseline; white-space: pre-wrap;\">\u00bfQu\u00e9 qui\u00e9n gan\u00f3? Vosotros lo elegisteis en stories. @poquitoapoco_decorando_ se llevo 195 votos, @ohana_twins 203 y la ganadora fue @mxar3 con 266.<\/span><\/p>\n<p dir=\"ltr\" style=\"line-height: 1.38; margin-top: 0pt; margin-bottom: 0pt;\"><span style=\"font-size: 12pt; font-family: Arial; color: #000000; background-color: transparent; font-weight: 400; font-style: normal; font-variant: normal; text-decoration: none; vertical-align: baseline; white-space: pre-wrap;\">\u00a0<\/span><\/p>\n<p dir=\"ltr\" style=\"line-height: 1.38; margin-top: 0pt; margin-bottom: 0pt;\"><span style=\"font-size: 12pt; font-family: Arial; color: #000000; background-color: transparent; font-weight: 400; font-style: normal; font-variant: normal; text-decoration: none; vertical-align: baseline; white-space: pre-wrap;\">Si quieres formar parte de la pr\u00f3xima decisi\u00f3n o incluso participar con la foto de tu #CasaMotif no nos pierdas de vista por <a href=\"https:\/\/www.instagram.com\/motif_es\/\" target=\"_blank\" rel=\"noreferrer noopener\">Instagram<\/a>.<\/span><\/p>\n","protected":false},"excerpt":{"rendered":"<p>Adem\u00e1s, vosotros siempre sois nuestro mejor comercial. Ver vuestras casas tan bonitas y vuestros testimonios cargados de an\u00e9cdotas positivas son #otrorollo. Por eso, no pod\u00edamos dejaros sin espacio aqu\u00ed tambi\u00e9n, en nuestro blog. Y vamos\u00a0 a exponer algunas de vuestras fotos. \u00a0 Como no sab\u00edamos por d\u00f3nde empezar \u00a1tenemos muchas de vosotras y todas preciosas! [&#8230;]<\/p>\n","protected":false},"author":2,"featured_media":489,"comment_status":"open","ping_status":"open","sticky":false,"template":"","format":"standard","meta":{"_acf_changed":false,"footnotes":""},"categories":[9],"tags":[],"class_list":["post-488","post","type-post","status-publish","format-standard","has-post-thumbnail","hentry","category-inspirate"],"acf":[],"yoast_head":"<!-- This site is optimized with the Yoast SEO plugin v27.5 - https:\/\/yoast.com\/product\/yoast-seo-wordpress\/ -->\n<title>Vuestras fotos, nuestras favoritas - Blog Motif<\/title>\n<meta name=\"description\" content=\"Adem\u00e1s, vosotros siempre sois nuestro mejor comercial. Ver vuestras casas tan bonitas y vuestros testimonios cargados de an\u00e9cdotas positivas son\" \/>\n<meta name=\"robots\" content=\"index, follow, max-snippet:-1, max-image-preview:large, max-video-preview:-1\" \/>\n<link rel=\"canonical\" href=\"https:\/\/www.motif.es\/blog\/vuestras-fotos-nuestras-favoritas\/\" \/>\n<meta property=\"og:locale\" content=\"es_ES\" \/>\n<meta property=\"og:type\" content=\"article\" \/>\n<meta property=\"og:title\" content=\"Vuestras fotos, nuestras favoritas - Blog Motif\" \/>\n<meta property=\"og:description\" content=\"Adem\u00e1s, vosotros siempre sois nuestro mejor comercial. Ver vuestras casas tan bonitas y vuestros testimonios cargados de an\u00e9cdotas positivas son\" \/>\n<meta property=\"og:url\" content=\"https:\/\/www.motif.es\/blog\/vuestras-fotos-nuestras-favoritas\/\" \/>\n<meta property=\"og:site_name\" content=\"Blog Motif\" \/>\n<meta property=\"article:publisher\" content=\"https:\/\/www.facebook.com\/motifmorethanwalls\/\" \/>\n<meta property=\"article:published_time\" content=\"2020-10-13T09:45:56+00:00\" \/>\n<meta property=\"article:modified_time\" content=\"2020-11-30T12:13:27+00:00\" \/>\n<meta property=\"og:image\" content=\"https:\/\/www.motif.es\/blog\/wp-content\/uploads\/2020\/11\/b-fotoclientemotif1.jpg\" \/>\n\t<meta property=\"og:image:width\" content=\"1068\" \/>\n\t<meta property=\"og:image:height\" content=\"1092\" \/>\n\t<meta property=\"og:image:type\" content=\"image\/jpeg\" \/>\n<meta name=\"author\" content=\"Comunicaci\u00f3n Motif\" \/>\n<meta name=\"twitter:card\" content=\"summary_large_image\" \/>\n<meta name=\"twitter:label1\" content=\"Escrito por\" \/>\n\t<meta name=\"twitter:data1\" content=\"Comunicaci\u00f3n Motif\" \/>\n\t<meta name=\"twitter:label2\" content=\"Tiempo de lectura\" \/>\n\t<meta name=\"twitter:data2\" content=\"2 minutos\" \/>\n<script type=\"application\/ld+json\" class=\"yoast-schema-graph\">{\"@context\":\"https:\\\/\\\/schema.org\",\"@graph\":[{\"@type\":\"Article\",\"@id\":\"https:\\\/\\\/www.motif.es\\\/blog\\\/vuestras-fotos-nuestras-favoritas\\\/#article\",\"isPartOf\":{\"@id\":\"https:\\\/\\\/www.motif.es\\\/blog\\\/vuestras-fotos-nuestras-favoritas\\\/\"},\"author\":{\"name\":\"Comunicaci\u00f3n Motif\",\"@id\":\"https:\\\/\\\/www.motif.es\\\/blog\\\/#\\\/schema\\\/person\\\/aac26ed80d8e02fb9525ec6b569d75e9\"},\"headline\":\"Vuestras fotos, nuestras favoritas\",\"datePublished\":\"2020-10-13T09:45:56+00:00\",\"dateModified\":\"2020-11-30T12:13:27+00:00\",\"mainEntityOfPage\":{\"@id\":\"https:\\\/\\\/www.motif.es\\\/blog\\\/vuestras-fotos-nuestras-favoritas\\\/\"},\"wordCount\":311,\"commentCount\":0,\"publisher\":{\"@id\":\"https:\\\/\\\/www.motif.es\\\/blog\\\/#organization\"},\"image\":{\"@id\":\"https:\\\/\\\/www.motif.es\\\/blog\\\/vuestras-fotos-nuestras-favoritas\\\/#primaryimage\"},\"thumbnailUrl\":\"https:\\\/\\\/www.motif.es\\\/blog\\\/wp-content\\\/uploads\\\/2020\\\/11\\\/b-fotoclientemotif1.jpg\",\"articleSection\":[\"insp\u00edrate\"],\"inLanguage\":\"es\",\"potentialAction\":[{\"@type\":\"CommentAction\",\"name\":\"Comment\",\"target\":[\"https:\\\/\\\/www.motif.es\\\/blog\\\/vuestras-fotos-nuestras-favoritas\\\/#respond\"]}]},{\"@type\":\"WebPage\",\"@id\":\"https:\\\/\\\/www.motif.es\\\/blog\\\/vuestras-fotos-nuestras-favoritas\\\/\",\"url\":\"https:\\\/\\\/www.motif.es\\\/blog\\\/vuestras-fotos-nuestras-favoritas\\\/\",\"name\":\"Vuestras fotos, nuestras favoritas - Blog Motif\",\"isPartOf\":{\"@id\":\"https:\\\/\\\/www.motif.es\\\/blog\\\/#website\"},\"primaryImageOfPage\":{\"@id\":\"https:\\\/\\\/www.motif.es\\\/blog\\\/vuestras-fotos-nuestras-favoritas\\\/#primaryimage\"},\"image\":{\"@id\":\"https:\\\/\\\/www.motif.es\\\/blog\\\/vuestras-fotos-nuestras-favoritas\\\/#primaryimage\"},\"thumbnailUrl\":\"https:\\\/\\\/www.motif.es\\\/blog\\\/wp-content\\\/uploads\\\/2020\\\/11\\\/b-fotoclientemotif1.jpg\",\"datePublished\":\"2020-10-13T09:45:56+00:00\",\"dateModified\":\"2020-11-30T12:13:27+00:00\",\"description\":\"Adem\u00e1s, vosotros siempre sois nuestro mejor comercial. Ver vuestras casas tan bonitas y vuestros testimonios cargados de an\u00e9cdotas positivas son\",\"breadcrumb\":{\"@id\":\"https:\\\/\\\/www.motif.es\\\/blog\\\/vuestras-fotos-nuestras-favoritas\\\/#breadcrumb\"},\"inLanguage\":\"es\",\"potentialAction\":[{\"@type\":\"ReadAction\",\"target\":[\"https:\\\/\\\/www.motif.es\\\/blog\\\/vuestras-fotos-nuestras-favoritas\\\/\"]}]},{\"@type\":\"ImageObject\",\"inLanguage\":\"es\",\"@id\":\"https:\\\/\\\/www.motif.es\\\/blog\\\/vuestras-fotos-nuestras-favoritas\\\/#primaryimage\",\"url\":\"https:\\\/\\\/www.motif.es\\\/blog\\\/wp-content\\\/uploads\\\/2020\\\/11\\\/b-fotoclientemotif1.jpg\",\"contentUrl\":\"https:\\\/\\\/www.motif.es\\\/blog\\\/wp-content\\\/uploads\\\/2020\\\/11\\\/b-fotoclientemotif1.jpg\",\"width\":1068,\"height\":1092},{\"@type\":\"BreadcrumbList\",\"@id\":\"https:\\\/\\\/www.motif.es\\\/blog\\\/vuestras-fotos-nuestras-favoritas\\\/#breadcrumb\",\"itemListElement\":[{\"@type\":\"ListItem\",\"position\":1,\"name\":\"Blog\",\"item\":\"https:\\\/\\\/www.motif.es\\\/blog\\\/\"},{\"@type\":\"ListItem\",\"position\":2,\"name\":\"insp\u00edrate\",\"item\":\"https:\\\/\\\/www.motif.es\\\/blog\\\/category\\\/inspirate\\\/\"},{\"@type\":\"ListItem\",\"position\":3,\"name\":\"Vuestras fotos, nuestras favoritas\"}]},{\"@type\":\"WebSite\",\"@id\":\"https:\\\/\\\/www.motif.es\\\/blog\\\/#website\",\"url\":\"https:\\\/\\\/www.motif.es\\\/blog\\\/\",\"name\":\"Blog Motif\",\"description\":\"nuestro rinc\u00f3n para inspirarte\",\"publisher\":{\"@id\":\"https:\\\/\\\/www.motif.es\\\/blog\\\/#organization\"},\"potentialAction\":[{\"@type\":\"SearchAction\",\"target\":{\"@type\":\"EntryPoint\",\"urlTemplate\":\"https:\\\/\\\/www.motif.es\\\/blog\\\/?s={search_term_string}\"},\"query-input\":{\"@type\":\"PropertyValueSpecification\",\"valueRequired\":true,\"valueName\":\"search_term_string\"}}],\"inLanguage\":\"es\"},{\"@type\":\"Organization\",\"@id\":\"https:\\\/\\\/www.motif.es\\\/blog\\\/#organization\",\"name\":\"Motif Wallpapers S.L.U.\",\"url\":\"https:\\\/\\\/www.motif.es\\\/blog\\\/\",\"logo\":{\"@type\":\"ImageObject\",\"inLanguage\":\"es\",\"@id\":\"https:\\\/\\\/www.motif.es\\\/blog\\\/#\\\/schema\\\/logo\\\/image\\\/\",\"url\":\"https:\\\/\\\/motif.es\\\/blog\\\/wp-content\\\/uploads\\\/2021\\\/06\\\/logo-motif.jpg\",\"contentUrl\":\"https:\\\/\\\/motif.es\\\/blog\\\/wp-content\\\/uploads\\\/2021\\\/06\\\/logo-motif.jpg\",\"width\":464,\"height\":464,\"caption\":\"Motif Wallpapers S.L.U.\"},\"image\":{\"@id\":\"https:\\\/\\\/www.motif.es\\\/blog\\\/#\\\/schema\\\/logo\\\/image\\\/\"},\"sameAs\":[\"https:\\\/\\\/www.facebook.com\\\/motifmorethanwalls\\\/\",\"https:\\\/\\\/www.instagram.com\\\/motif_es\\\/?hl=es\",\"https:\\\/\\\/www.pinterest.es\\\/motifwallpapers\\\/\",\"https:\\\/\\\/www.youtube.com\\\/channel\\\/UCNaOmbxD6LjcQNj4vmfVIUg\"]},{\"@type\":\"Person\",\"@id\":\"https:\\\/\\\/www.motif.es\\\/blog\\\/#\\\/schema\\\/person\\\/aac26ed80d8e02fb9525ec6b569d75e9\",\"name\":\"Comunicaci\u00f3n Motif\",\"image\":{\"@type\":\"ImageObject\",\"inLanguage\":\"es\",\"@id\":\"https:\\\/\\\/secure.gravatar.com\\\/avatar\\\/93b2fb49a03bd7a57b5f5e8c3b740113f14f25da86b090887d9353672de2d9b5?s=96&d=mm&r=g\",\"url\":\"https:\\\/\\\/secure.gravatar.com\\\/avatar\\\/93b2fb49a03bd7a57b5f5e8c3b740113f14f25da86b090887d9353672de2d9b5?s=96&d=mm&r=g\",\"contentUrl\":\"https:\\\/\\\/secure.gravatar.com\\\/avatar\\\/93b2fb49a03bd7a57b5f5e8c3b740113f14f25da86b090887d9353672de2d9b5?s=96&d=mm&r=g\",\"caption\":\"Comunicaci\u00f3n Motif\"},\"url\":\"https:\\\/\\\/www.motif.es\\\/blog\\\/author\\\/comunicacion\\\/\"}]}<\/script>\n<!-- \/ Yoast SEO plugin. -->","yoast_head_json":{"title":"Vuestras fotos, nuestras favoritas - Blog Motif","description":"Adem\u00e1s, vosotros siempre sois nuestro mejor comercial. Ver vuestras casas tan bonitas y vuestros testimonios cargados de an\u00e9cdotas positivas son","robots":{"index":"index","follow":"follow","max-snippet":"max-snippet:-1","max-image-preview":"max-image-preview:large","max-video-preview":"max-video-preview:-1"},"canonical":"https:\/\/www.motif.es\/blog\/vuestras-fotos-nuestras-favoritas\/","og_locale":"es_ES","og_type":"article","og_title":"Vuestras fotos, nuestras favoritas - Blog Motif","og_description":"Adem\u00e1s, vosotros siempre sois nuestro mejor comercial. Ver vuestras casas tan bonitas y vuestros testimonios cargados de an\u00e9cdotas positivas son","og_url":"https:\/\/www.motif.es\/blog\/vuestras-fotos-nuestras-favoritas\/","og_site_name":"Blog Motif","article_publisher":"https:\/\/www.facebook.com\/motifmorethanwalls\/","article_published_time":"2020-10-13T09:45:56+00:00","article_modified_time":"2020-11-30T12:13:27+00:00","og_image":[{"width":1068,"height":1092,"url":"https:\/\/www.motif.es\/blog\/wp-content\/uploads\/2020\/11\/b-fotoclientemotif1.jpg","type":"image\/jpeg"}],"author":"Comunicaci\u00f3n Motif","twitter_card":"summary_large_image","twitter_misc":{"Escrito por":"Comunicaci\u00f3n Motif","Tiempo de lectura":"2 minutos"},"schema":{"@context":"https:\/\/schema.org","@graph":[{"@type":"Article","@id":"https:\/\/www.motif.es\/blog\/vuestras-fotos-nuestras-favoritas\/#article","isPartOf":{"@id":"https:\/\/www.motif.es\/blog\/vuestras-fotos-nuestras-favoritas\/"},"author":{"name":"Comunicaci\u00f3n Motif","@id":"https:\/\/www.motif.es\/blog\/#\/schema\/person\/aac26ed80d8e02fb9525ec6b569d75e9"},"headline":"Vuestras fotos, nuestras favoritas","datePublished":"2020-10-13T09:45:56+00:00","dateModified":"2020-11-30T12:13:27+00:00","mainEntityOfPage":{"@id":"https:\/\/www.motif.es\/blog\/vuestras-fotos-nuestras-favoritas\/"},"wordCount":311,"commentCount":0,"publisher":{"@id":"https:\/\/www.motif.es\/blog\/#organization"},"image":{"@id":"https:\/\/www.motif.es\/blog\/vuestras-fotos-nuestras-favoritas\/#primaryimage"},"thumbnailUrl":"https:\/\/www.motif.es\/blog\/wp-content\/uploads\/2020\/11\/b-fotoclientemotif1.jpg","articleSection":["insp\u00edrate"],"inLanguage":"es","potentialAction":[{"@type":"CommentAction","name":"Comment","target":["https:\/\/www.motif.es\/blog\/vuestras-fotos-nuestras-favoritas\/#respond"]}]},{"@type":"WebPage","@id":"https:\/\/www.motif.es\/blog\/vuestras-fotos-nuestras-favoritas\/","url":"https:\/\/www.motif.es\/blog\/vuestras-fotos-nuestras-favoritas\/","name":"Vuestras fotos, nuestras favoritas - Blog Motif","isPartOf":{"@id":"https:\/\/www.motif.es\/blog\/#website"},"primaryImageOfPage":{"@id":"https:\/\/www.motif.es\/blog\/vuestras-fotos-nuestras-favoritas\/#primaryimage"},"image":{"@id":"https:\/\/www.motif.es\/blog\/vuestras-fotos-nuestras-favoritas\/#primaryimage"},"thumbnailUrl":"https:\/\/www.motif.es\/blog\/wp-content\/uploads\/2020\/11\/b-fotoclientemotif1.jpg","datePublished":"2020-10-13T09:45:56+00:00","dateModified":"2020-11-30T12:13:27+00:00","description":"Adem\u00e1s, vosotros siempre sois nuestro mejor comercial. Ver vuestras casas tan bonitas y vuestros testimonios cargados de an\u00e9cdotas positivas son","breadcrumb":{"@id":"https:\/\/www.motif.es\/blog\/vuestras-fotos-nuestras-favoritas\/#breadcrumb"},"inLanguage":"es","potentialAction":[{"@type":"ReadAction","target":["https:\/\/www.motif.es\/blog\/vuestras-fotos-nuestras-favoritas\/"]}]},{"@type":"ImageObject","inLanguage":"es","@id":"https:\/\/www.motif.es\/blog\/vuestras-fotos-nuestras-favoritas\/#primaryimage","url":"https:\/\/www.motif.es\/blog\/wp-content\/uploads\/2020\/11\/b-fotoclientemotif1.jpg","contentUrl":"https:\/\/www.motif.es\/blog\/wp-content\/uploads\/2020\/11\/b-fotoclientemotif1.jpg","width":1068,"height":1092},{"@type":"BreadcrumbList","@id":"https:\/\/www.motif.es\/blog\/vuestras-fotos-nuestras-favoritas\/#breadcrumb","itemListElement":[{"@type":"ListItem","position":1,"name":"Blog","item":"https:\/\/www.motif.es\/blog\/"},{"@type":"ListItem","position":2,"name":"insp\u00edrate","item":"https:\/\/www.motif.es\/blog\/category\/inspirate\/"},{"@type":"ListItem","position":3,"name":"Vuestras fotos, nuestras favoritas"}]},{"@type":"WebSite","@id":"https:\/\/www.motif.es\/blog\/#website","url":"https:\/\/www.motif.es\/blog\/","name":"Blog Motif","description":"nuestro rinc\u00f3n para inspirarte","publisher":{"@id":"https:\/\/www.motif.es\/blog\/#organization"},"potentialAction":[{"@type":"SearchAction","target":{"@type":"EntryPoint","urlTemplate":"https:\/\/www.motif.es\/blog\/?s={search_term_string}"},"query-input":{"@type":"PropertyValueSpecification","valueRequired":true,"valueName":"search_term_string"}}],"inLanguage":"es"},{"@type":"Organization","@id":"https:\/\/www.motif.es\/blog\/#organization","name":"Motif Wallpapers S.L.U.","url":"https:\/\/www.motif.es\/blog\/","logo":{"@type":"ImageObject","inLanguage":"es","@id":"https:\/\/www.motif.es\/blog\/#\/schema\/logo\/image\/","url":"https:\/\/motif.es\/blog\/wp-content\/uploads\/2021\/06\/logo-motif.jpg","contentUrl":"https:\/\/motif.es\/blog\/wp-content\/uploads\/2021\/06\/logo-motif.jpg","width":464,"height":464,"caption":"Motif Wallpapers S.L.U."},"image":{"@id":"https:\/\/www.motif.es\/blog\/#\/schema\/logo\/image\/"},"sameAs":["https:\/\/www.facebook.com\/motifmorethanwalls\/","https:\/\/www.instagram.com\/motif_es\/?hl=es","https:\/\/www.pinterest.es\/motifwallpapers\/","https:\/\/www.youtube.com\/channel\/UCNaOmbxD6LjcQNj4vmfVIUg"]},{"@type":"Person","@id":"https:\/\/www.motif.es\/blog\/#\/schema\/person\/aac26ed80d8e02fb9525ec6b569d75e9","name":"Comunicaci\u00f3n Motif","image":{"@type":"ImageObject","inLanguage":"es","@id":"https:\/\/secure.gravatar.com\/avatar\/93b2fb49a03bd7a57b5f5e8c3b740113f14f25da86b090887d9353672de2d9b5?s=96&d=mm&r=g","url":"https:\/\/secure.gravatar.com\/avatar\/93b2fb49a03bd7a57b5f5e8c3b740113f14f25da86b090887d9353672de2d9b5?s=96&d=mm&r=g","contentUrl":"https:\/\/secure.gravatar.com\/avatar\/93b2fb49a03bd7a57b5f5e8c3b740113f14f25da86b090887d9353672de2d9b5?s=96&d=mm&r=g","caption":"Comunicaci\u00f3n Motif"},"url":"https:\/\/www.motif.es\/blog\/author\/comunicacion\/"}]}},"_links":{"self":[{"href":"https:\/\/www.motif.es\/blog\/wp-json\/wp\/v2\/posts\/488","targetHints":{"allow":["GET"]}}],"collection":[{"href":"https:\/\/www.motif.es\/blog\/wp-json\/wp\/v2\/posts"}],"about":[{"href":"https:\/\/www.motif.es\/blog\/wp-json\/wp\/v2\/types\/post"}],"author":[{"embeddable":true,"href":"https:\/\/www.motif.es\/blog\/wp-json\/wp\/v2\/users\/2"}],"replies":[{"embeddable":true,"href":"https:\/\/www.motif.es\/blog\/wp-json\/wp\/v2\/comments?post=488"}],"version-history":[{"count":1,"href":"https:\/\/www.motif.es\/blog\/wp-json\/wp\/v2\/posts\/488\/revisions"}],"predecessor-version":[{"id":490,"href":"https:\/\/www.motif.es\/blog\/wp-json\/wp\/v2\/posts\/488\/revisions\/490"}],"wp:featuredmedia":[{"embeddable":true,"href":"https:\/\/www.motif.es\/blog\/wp-json\/wp\/v2\/media\/489"}],"wp:attachment":[{"href":"https:\/\/www.motif.es\/blog\/wp-json\/wp\/v2\/media?parent=488"}],"wp:term":[{"taxonomy":"category","embeddable":true,"href":"https:\/\/www.motif.es\/blog\/wp-json\/wp\/v2\/categories?post=488"},{"taxonomy":"post_tag","embeddable":true,"href":"https:\/\/www.motif.es\/blog\/wp-json\/wp\/v2\/tags?post=488"}],"curies":[{"name":"wp","href":"https:\/\/api.w.org\/{rel}","templated":true}]}}