{"id":509,"date":"2020-12-01T09:26:24","date_gmt":"2020-12-01T09:26:24","guid":{"rendered":"https:\/\/motif.es\/blog\/?p=509"},"modified":"2020-12-22T09:30:40","modified_gmt":"2020-12-22T09:30:40","slug":"por-que-decimos-que-nuestras-alfombras-vinilicas-son-las-mas-higienicas","status":"publish","type":"post","link":"https:\/\/www.motif.es\/blog\/por-que-decimos-que-nuestras-alfombras-vinilicas-son-las-mas-higienicas\/","title":{"rendered":"\u00bfPor qu\u00e9 decimos que nuestras alfombras vin\u00edlicas son las m\u00e1s higi\u00e9nicas?"},"content":{"rendered":"<p>\u00bfSab\u00edas que las <a href=\"https:\/\/www.motif.es\/18-alfombras-vinilicas\"><strong>alfombras vin\u00edlicas<\/strong><\/a> de MOTIF son las \u00fanicas del mercado que las puedes limpiar con lej\u00eda?<\/p>\n<p>Sin duda, el dise\u00f1o y la calidad de estas alfombras, son una de las piezas clave para que nos hayamos situado entre una de las marcas de <strong>alfombras m\u00e1s vendidas<\/strong>, pero la realidad es que nos hemos preocupado de ir m\u00e1s all\u00e1 y apostar por ofrecer adem\u00e1s un plus de resistencia gracias a un acabado de protecci\u00f3n extra muy especial \u00a0por el que apostamos desde hace a\u00f1o y medio, que har\u00e1\u00a0 que las puedas fregar con tus productos habituales de limpieza y que las puedas <a href=\"https:\/\/www.comunidad.madrid\/servicios\/salud\/desinfeccion-superficies-espacios-coronavirus\">fregar incluso con lej\u00eda<\/a> y que no pierda su dibujo ni se estropee.<\/p>\n<p style=\"text-align: center;\"><img loading=\"lazy\" decoding=\"async\" class=\"aligncenter wp-image-510 size-full\" src=\"https:\/\/motif.es\/blog\/wp-content\/uploads\/2020\/12\/ALFOMBRA-VINILICA-FILIGRANA.jpg\" alt=\"\" width=\"1000\" height=\"1000\" srcset=\"https:\/\/www.motif.es\/blog\/wp-content\/uploads\/2020\/12\/ALFOMBRA-VINILICA-FILIGRANA.jpg 1000w, https:\/\/www.motif.es\/blog\/wp-content\/uploads\/2020\/12\/ALFOMBRA-VINILICA-FILIGRANA-300x300.jpg 300w, https:\/\/www.motif.es\/blog\/wp-content\/uploads\/2020\/12\/ALFOMBRA-VINILICA-FILIGRANA-150x150.jpg 150w, https:\/\/www.motif.es\/blog\/wp-content\/uploads\/2020\/12\/ALFOMBRA-VINILICA-FILIGRANA-768x768.jpg 768w, https:\/\/www.motif.es\/blog\/wp-content\/uploads\/2020\/12\/ALFOMBRA-VINILICA-FILIGRANA-400x400.jpg 400w, https:\/\/www.motif.es\/blog\/wp-content\/uploads\/2020\/12\/ALFOMBRA-VINILICA-FILIGRANA-96x96.jpg 96w\" sizes=\"auto, (max-width: 1000px) 100vw, 1000px\" \/><\/p>\n<p style=\"text-align: center;\"><em>Alfombra vin\u00edlica filigrana<\/em><\/p>\n<p>Para nosotros poder ofrecer a nuestros clientes la tranquilidad de que sepan que pueden limpiarlas y desinfectarlas, especialmente en tiempos como los que nos ha tocado vivir, es una gran satisfacci\u00f3n.<\/p>\n<p>Nuestras alfombras vin\u00edlicas, no acumulan \u00e1caros ni polvo, funcionan como aislante t\u00e9rmico protegiendo tus suelos del fr\u00edo, y frente a cualquier derrame vas a poder limpiarlas f\u00e1cilmente tanto con una fregona, con una bayeta o con un robot de limpieza, porque son totalmente impermeables.<\/p>\n<p>Tienen un grosor de 2,7 mm lo que las hace un poco mulliditas y confortables y que adem\u00e1s har\u00e1 que tus pies o los de tu peque no noten el frio de los azulejos, y si por el contrario tienes calefacci\u00f3n radiante, ning\u00fan problema porque son totalmente aptas para este tipo de suelos.<\/p>\n<p>Ya sabes, cuando necesites limpiarlas puedes utilizar jab\u00f3n, friegasuelos o lej\u00eda. A la vez que friegas el suelo, friegas la alfombra, sin complicaciones. Puedes utilizar el mismo producto que utilizas para limpiar tu suelo \u00a0y dejarla como nueva. As\u00ed de f\u00e1cil.<\/p>\n<p style=\"text-align: center;\"><img loading=\"lazy\" decoding=\"async\" class=\"alignnone wp-image-511 size-full\" src=\"https:\/\/motif.es\/blog\/wp-content\/uploads\/2020\/12\/ALFOMBRA-VINILICA-CURVE-BLACK.jpg\" alt=\"\" width=\"1000\" height=\"1000\" srcset=\"https:\/\/www.motif.es\/blog\/wp-content\/uploads\/2020\/12\/ALFOMBRA-VINILICA-CURVE-BLACK.jpg 1000w, https:\/\/www.motif.es\/blog\/wp-content\/uploads\/2020\/12\/ALFOMBRA-VINILICA-CURVE-BLACK-300x300.jpg 300w, https:\/\/www.motif.es\/blog\/wp-content\/uploads\/2020\/12\/ALFOMBRA-VINILICA-CURVE-BLACK-150x150.jpg 150w, https:\/\/www.motif.es\/blog\/wp-content\/uploads\/2020\/12\/ALFOMBRA-VINILICA-CURVE-BLACK-768x768.jpg 768w\" sizes=\"auto, (max-width: 1000px) 100vw, 1000px\" \/><\/p>\n<p style=\"text-align: center;\"><em>Alfombra vin\u00edlica curve black<\/em><\/p>\n<p>Si est\u00e1s pensando en darle un cambio de estilo a tu casa, sea en la estancia que sea, esta es una apuesta segura ?<\/p>\n","protected":false},"excerpt":{"rendered":"<p>\u00bfSab\u00edas que las alfombras vin\u00edlicas de MOTIF son las \u00fanicas del mercado que las puedes limpiar con lej\u00eda? Sin duda, el dise\u00f1o y la calidad de estas alfombras, son una de las piezas clave para que nos hayamos situado entre una de las marcas de alfombras m\u00e1s vendidas, pero la realidad es que nos hemos [&#8230;]<\/p>\n","protected":false},"author":2,"featured_media":510,"comment_status":"open","ping_status":"open","sticky":false,"template":"","format":"standard","meta":{"_acf_changed":false,"footnotes":""},"categories":[8],"tags":[],"class_list":["post-509","post","type-post","status-publish","format-standard","has-post-thumbnail","hentry","category-sobre-alfombras-vinilicas"],"acf":[],"yoast_head":"<!-- This site is optimized with the Yoast SEO plugin v27.5 - https:\/\/yoast.com\/product\/yoast-seo-wordpress\/ -->\n<title>\u00bfPor qu\u00e9 decimos que nuestras alfombras vin\u00edlicas son las m\u00e1s higi\u00e9nicas? - Blog Motif<\/title>\n<meta name=\"description\" content=\"\u00bfSab\u00edas que las alfombras vin\u00edlicas de MOTIF son las \u00fanicas del mercado que las puedes limpiar con lej\u00eda? Sin duda, el dise\u00f1o y la calidad de estas\" \/>\n<meta name=\"robots\" content=\"index, follow, max-snippet:-1, max-image-preview:large, max-video-preview:-1\" \/>\n<link rel=\"canonical\" href=\"https:\/\/www.motif.es\/blog\/por-que-decimos-que-nuestras-alfombras-vinilicas-son-las-mas-higienicas\/\" \/>\n<meta property=\"og:locale\" content=\"es_ES\" \/>\n<meta property=\"og:type\" content=\"article\" \/>\n<meta property=\"og:title\" content=\"\u00bfPor qu\u00e9 decimos que nuestras alfombras vin\u00edlicas son las m\u00e1s higi\u00e9nicas? - Blog Motif\" \/>\n<meta property=\"og:description\" content=\"\u00bfSab\u00edas que las alfombras vin\u00edlicas de MOTIF son las \u00fanicas del mercado que las puedes limpiar con lej\u00eda? Sin duda, el dise\u00f1o y la calidad de estas\" \/>\n<meta property=\"og:url\" content=\"https:\/\/www.motif.es\/blog\/por-que-decimos-que-nuestras-alfombras-vinilicas-son-las-mas-higienicas\/\" \/>\n<meta property=\"og:site_name\" content=\"Blog Motif\" \/>\n<meta property=\"article:publisher\" content=\"https:\/\/www.facebook.com\/motifmorethanwalls\/\" \/>\n<meta property=\"article:published_time\" content=\"2020-12-01T09:26:24+00:00\" \/>\n<meta property=\"article:modified_time\" content=\"2020-12-22T09:30:40+00:00\" \/>\n<meta property=\"og:image\" content=\"https:\/\/www.motif.es\/blog\/wp-content\/uploads\/2020\/12\/ALFOMBRA-VINILICA-FILIGRANA.jpg\" \/>\n\t<meta property=\"og:image:width\" content=\"1000\" \/>\n\t<meta property=\"og:image:height\" content=\"1000\" \/>\n\t<meta property=\"og:image:type\" content=\"image\/jpeg\" \/>\n<meta name=\"author\" content=\"Comunicaci\u00f3n Motif\" \/>\n<meta name=\"twitter:card\" content=\"summary_large_image\" \/>\n<meta name=\"twitter:label1\" content=\"Escrito por\" \/>\n\t<meta name=\"twitter:data1\" content=\"Comunicaci\u00f3n Motif\" \/>\n\t<meta name=\"twitter:label2\" content=\"Tiempo de lectura\" \/>\n\t<meta name=\"twitter:data2\" content=\"2 minutos\" \/>\n<script type=\"application\/ld+json\" class=\"yoast-schema-graph\">{\"@context\":\"https:\\\/\\\/schema.org\",\"@graph\":[{\"@type\":\"Article\",\"@id\":\"https:\\\/\\\/www.motif.es\\\/blog\\\/por-que-decimos-que-nuestras-alfombras-vinilicas-son-las-mas-higienicas\\\/#article\",\"isPartOf\":{\"@id\":\"https:\\\/\\\/www.motif.es\\\/blog\\\/por-que-decimos-que-nuestras-alfombras-vinilicas-son-las-mas-higienicas\\\/\"},\"author\":{\"name\":\"Comunicaci\u00f3n Motif\",\"@id\":\"https:\\\/\\\/www.motif.es\\\/blog\\\/#\\\/schema\\\/person\\\/aac26ed80d8e02fb9525ec6b569d75e9\"},\"headline\":\"\u00bfPor qu\u00e9 decimos que nuestras alfombras vin\u00edlicas son las m\u00e1s higi\u00e9nicas?\",\"datePublished\":\"2020-12-01T09:26:24+00:00\",\"dateModified\":\"2020-12-22T09:30:40+00:00\",\"mainEntityOfPage\":{\"@id\":\"https:\\\/\\\/www.motif.es\\\/blog\\\/por-que-decimos-que-nuestras-alfombras-vinilicas-son-las-mas-higienicas\\\/\"},\"wordCount\":352,\"commentCount\":0,\"publisher\":{\"@id\":\"https:\\\/\\\/www.motif.es\\\/blog\\\/#organization\"},\"image\":{\"@id\":\"https:\\\/\\\/www.motif.es\\\/blog\\\/por-que-decimos-que-nuestras-alfombras-vinilicas-son-las-mas-higienicas\\\/#primaryimage\"},\"thumbnailUrl\":\"https:\\\/\\\/www.motif.es\\\/blog\\\/wp-content\\\/uploads\\\/2020\\\/12\\\/ALFOMBRA-VINILICA-FILIGRANA.jpg\",\"articleSection\":[\"sobre alfombras vin\u00edlicas\"],\"inLanguage\":\"es\",\"potentialAction\":[{\"@type\":\"CommentAction\",\"name\":\"Comment\",\"target\":[\"https:\\\/\\\/www.motif.es\\\/blog\\\/por-que-decimos-que-nuestras-alfombras-vinilicas-son-las-mas-higienicas\\\/#respond\"]}]},{\"@type\":\"WebPage\",\"@id\":\"https:\\\/\\\/www.motif.es\\\/blog\\\/por-que-decimos-que-nuestras-alfombras-vinilicas-son-las-mas-higienicas\\\/\",\"url\":\"https:\\\/\\\/www.motif.es\\\/blog\\\/por-que-decimos-que-nuestras-alfombras-vinilicas-son-las-mas-higienicas\\\/\",\"name\":\"\u00bfPor qu\u00e9 decimos que nuestras alfombras vin\u00edlicas son las m\u00e1s higi\u00e9nicas? - Blog Motif\",\"isPartOf\":{\"@id\":\"https:\\\/\\\/www.motif.es\\\/blog\\\/#website\"},\"primaryImageOfPage\":{\"@id\":\"https:\\\/\\\/www.motif.es\\\/blog\\\/por-que-decimos-que-nuestras-alfombras-vinilicas-son-las-mas-higienicas\\\/#primaryimage\"},\"image\":{\"@id\":\"https:\\\/\\\/www.motif.es\\\/blog\\\/por-que-decimos-que-nuestras-alfombras-vinilicas-son-las-mas-higienicas\\\/#primaryimage\"},\"thumbnailUrl\":\"https:\\\/\\\/www.motif.es\\\/blog\\\/wp-content\\\/uploads\\\/2020\\\/12\\\/ALFOMBRA-VINILICA-FILIGRANA.jpg\",\"datePublished\":\"2020-12-01T09:26:24+00:00\",\"dateModified\":\"2020-12-22T09:30:40+00:00\",\"description\":\"\u00bfSab\u00edas que las alfombras vin\u00edlicas de MOTIF son las \u00fanicas del mercado que las puedes limpiar con lej\u00eda? Sin duda, el dise\u00f1o y la calidad de estas\",\"breadcrumb\":{\"@id\":\"https:\\\/\\\/www.motif.es\\\/blog\\\/por-que-decimos-que-nuestras-alfombras-vinilicas-son-las-mas-higienicas\\\/#breadcrumb\"},\"inLanguage\":\"es\",\"potentialAction\":[{\"@type\":\"ReadAction\",\"target\":[\"https:\\\/\\\/www.motif.es\\\/blog\\\/por-que-decimos-que-nuestras-alfombras-vinilicas-son-las-mas-higienicas\\\/\"]}]},{\"@type\":\"ImageObject\",\"inLanguage\":\"es\",\"@id\":\"https:\\\/\\\/www.motif.es\\\/blog\\\/por-que-decimos-que-nuestras-alfombras-vinilicas-son-las-mas-higienicas\\\/#primaryimage\",\"url\":\"https:\\\/\\\/www.motif.es\\\/blog\\\/wp-content\\\/uploads\\\/2020\\\/12\\\/ALFOMBRA-VINILICA-FILIGRANA.jpg\",\"contentUrl\":\"https:\\\/\\\/www.motif.es\\\/blog\\\/wp-content\\\/uploads\\\/2020\\\/12\\\/ALFOMBRA-VINILICA-FILIGRANA.jpg\",\"width\":1000,\"height\":1000},{\"@type\":\"BreadcrumbList\",\"@id\":\"https:\\\/\\\/www.motif.es\\\/blog\\\/por-que-decimos-que-nuestras-alfombras-vinilicas-son-las-mas-higienicas\\\/#breadcrumb\",\"itemListElement\":[{\"@type\":\"ListItem\",\"position\":1,\"name\":\"Blog\",\"item\":\"https:\\\/\\\/www.motif.es\\\/blog\\\/\"},{\"@type\":\"ListItem\",\"position\":2,\"name\":\"sobre alfombras vin\u00edlicas\",\"item\":\"https:\\\/\\\/www.motif.es\\\/blog\\\/category\\\/sobre-alfombras-vinilicas\\\/\"},{\"@type\":\"ListItem\",\"position\":3,\"name\":\"\u00bfPor qu\u00e9 decimos que nuestras alfombras vin\u00edlicas son las m\u00e1s higi\u00e9nicas?\"}]},{\"@type\":\"WebSite\",\"@id\":\"https:\\\/\\\/www.motif.es\\\/blog\\\/#website\",\"url\":\"https:\\\/\\\/www.motif.es\\\/blog\\\/\",\"name\":\"Blog Motif\",\"description\":\"nuestro rinc\u00f3n para inspirarte\",\"publisher\":{\"@id\":\"https:\\\/\\\/www.motif.es\\\/blog\\\/#organization\"},\"potentialAction\":[{\"@type\":\"SearchAction\",\"target\":{\"@type\":\"EntryPoint\",\"urlTemplate\":\"https:\\\/\\\/www.motif.es\\\/blog\\\/?s={search_term_string}\"},\"query-input\":{\"@type\":\"PropertyValueSpecification\",\"valueRequired\":true,\"valueName\":\"search_term_string\"}}],\"inLanguage\":\"es\"},{\"@type\":\"Organization\",\"@id\":\"https:\\\/\\\/www.motif.es\\\/blog\\\/#organization\",\"name\":\"Motif Wallpapers S.L.U.\",\"url\":\"https:\\\/\\\/www.motif.es\\\/blog\\\/\",\"logo\":{\"@type\":\"ImageObject\",\"inLanguage\":\"es\",\"@id\":\"https:\\\/\\\/www.motif.es\\\/blog\\\/#\\\/schema\\\/logo\\\/image\\\/\",\"url\":\"https:\\\/\\\/motif.es\\\/blog\\\/wp-content\\\/uploads\\\/2021\\\/06\\\/logo-motif.jpg\",\"contentUrl\":\"https:\\\/\\\/motif.es\\\/blog\\\/wp-content\\\/uploads\\\/2021\\\/06\\\/logo-motif.jpg\",\"width\":464,\"height\":464,\"caption\":\"Motif Wallpapers S.L.U.\"},\"image\":{\"@id\":\"https:\\\/\\\/www.motif.es\\\/blog\\\/#\\\/schema\\\/logo\\\/image\\\/\"},\"sameAs\":[\"https:\\\/\\\/www.facebook.com\\\/motifmorethanwalls\\\/\",\"https:\\\/\\\/www.instagram.com\\\/motif_es\\\/?hl=es\",\"https:\\\/\\\/www.pinterest.es\\\/motifwallpapers\\\/\",\"https:\\\/\\\/www.youtube.com\\\/channel\\\/UCNaOmbxD6LjcQNj4vmfVIUg\"]},{\"@type\":\"Person\",\"@id\":\"https:\\\/\\\/www.motif.es\\\/blog\\\/#\\\/schema\\\/person\\\/aac26ed80d8e02fb9525ec6b569d75e9\",\"name\":\"Comunicaci\u00f3n Motif\",\"image\":{\"@type\":\"ImageObject\",\"inLanguage\":\"es\",\"@id\":\"https:\\\/\\\/secure.gravatar.com\\\/avatar\\\/93b2fb49a03bd7a57b5f5e8c3b740113f14f25da86b090887d9353672de2d9b5?s=96&d=mm&r=g\",\"url\":\"https:\\\/\\\/secure.gravatar.com\\\/avatar\\\/93b2fb49a03bd7a57b5f5e8c3b740113f14f25da86b090887d9353672de2d9b5?s=96&d=mm&r=g\",\"contentUrl\":\"https:\\\/\\\/secure.gravatar.com\\\/avatar\\\/93b2fb49a03bd7a57b5f5e8c3b740113f14f25da86b090887d9353672de2d9b5?s=96&d=mm&r=g\",\"caption\":\"Comunicaci\u00f3n Motif\"},\"url\":\"https:\\\/\\\/www.motif.es\\\/blog\\\/author\\\/comunicacion\\\/\"}]}<\/script>\n<!-- \/ Yoast SEO plugin. -->","yoast_head_json":{"title":"\u00bfPor qu\u00e9 decimos que nuestras alfombras vin\u00edlicas son las m\u00e1s higi\u00e9nicas? - Blog Motif","description":"\u00bfSab\u00edas que las alfombras vin\u00edlicas de MOTIF son las \u00fanicas del mercado que las puedes limpiar con lej\u00eda? Sin duda, el dise\u00f1o y la calidad de estas","robots":{"index":"index","follow":"follow","max-snippet":"max-snippet:-1","max-image-preview":"max-image-preview:large","max-video-preview":"max-video-preview:-1"},"canonical":"https:\/\/www.motif.es\/blog\/por-que-decimos-que-nuestras-alfombras-vinilicas-son-las-mas-higienicas\/","og_locale":"es_ES","og_type":"article","og_title":"\u00bfPor qu\u00e9 decimos que nuestras alfombras vin\u00edlicas son las m\u00e1s higi\u00e9nicas? - Blog Motif","og_description":"\u00bfSab\u00edas que las alfombras vin\u00edlicas de MOTIF son las \u00fanicas del mercado que las puedes limpiar con lej\u00eda? Sin duda, el dise\u00f1o y la calidad de estas","og_url":"https:\/\/www.motif.es\/blog\/por-que-decimos-que-nuestras-alfombras-vinilicas-son-las-mas-higienicas\/","og_site_name":"Blog Motif","article_publisher":"https:\/\/www.facebook.com\/motifmorethanwalls\/","article_published_time":"2020-12-01T09:26:24+00:00","article_modified_time":"2020-12-22T09:30:40+00:00","og_image":[{"width":1000,"height":1000,"url":"https:\/\/www.motif.es\/blog\/wp-content\/uploads\/2020\/12\/ALFOMBRA-VINILICA-FILIGRANA.jpg","type":"image\/jpeg"}],"author":"Comunicaci\u00f3n Motif","twitter_card":"summary_large_image","twitter_misc":{"Escrito por":"Comunicaci\u00f3n Motif","Tiempo de lectura":"2 minutos"},"schema":{"@context":"https:\/\/schema.org","@graph":[{"@type":"Article","@id":"https:\/\/www.motif.es\/blog\/por-que-decimos-que-nuestras-alfombras-vinilicas-son-las-mas-higienicas\/#article","isPartOf":{"@id":"https:\/\/www.motif.es\/blog\/por-que-decimos-que-nuestras-alfombras-vinilicas-son-las-mas-higienicas\/"},"author":{"name":"Comunicaci\u00f3n Motif","@id":"https:\/\/www.motif.es\/blog\/#\/schema\/person\/aac26ed80d8e02fb9525ec6b569d75e9"},"headline":"\u00bfPor qu\u00e9 decimos que nuestras alfombras vin\u00edlicas son las m\u00e1s higi\u00e9nicas?","datePublished":"2020-12-01T09:26:24+00:00","dateModified":"2020-12-22T09:30:40+00:00","mainEntityOfPage":{"@id":"https:\/\/www.motif.es\/blog\/por-que-decimos-que-nuestras-alfombras-vinilicas-son-las-mas-higienicas\/"},"wordCount":352,"commentCount":0,"publisher":{"@id":"https:\/\/www.motif.es\/blog\/#organization"},"image":{"@id":"https:\/\/www.motif.es\/blog\/por-que-decimos-que-nuestras-alfombras-vinilicas-son-las-mas-higienicas\/#primaryimage"},"thumbnailUrl":"https:\/\/www.motif.es\/blog\/wp-content\/uploads\/2020\/12\/ALFOMBRA-VINILICA-FILIGRANA.jpg","articleSection":["sobre alfombras vin\u00edlicas"],"inLanguage":"es","potentialAction":[{"@type":"CommentAction","name":"Comment","target":["https:\/\/www.motif.es\/blog\/por-que-decimos-que-nuestras-alfombras-vinilicas-son-las-mas-higienicas\/#respond"]}]},{"@type":"WebPage","@id":"https:\/\/www.motif.es\/blog\/por-que-decimos-que-nuestras-alfombras-vinilicas-son-las-mas-higienicas\/","url":"https:\/\/www.motif.es\/blog\/por-que-decimos-que-nuestras-alfombras-vinilicas-son-las-mas-higienicas\/","name":"\u00bfPor qu\u00e9 decimos que nuestras alfombras vin\u00edlicas son las m\u00e1s higi\u00e9nicas? - Blog Motif","isPartOf":{"@id":"https:\/\/www.motif.es\/blog\/#website"},"primaryImageOfPage":{"@id":"https:\/\/www.motif.es\/blog\/por-que-decimos-que-nuestras-alfombras-vinilicas-son-las-mas-higienicas\/#primaryimage"},"image":{"@id":"https:\/\/www.motif.es\/blog\/por-que-decimos-que-nuestras-alfombras-vinilicas-son-las-mas-higienicas\/#primaryimage"},"thumbnailUrl":"https:\/\/www.motif.es\/blog\/wp-content\/uploads\/2020\/12\/ALFOMBRA-VINILICA-FILIGRANA.jpg","datePublished":"2020-12-01T09:26:24+00:00","dateModified":"2020-12-22T09:30:40+00:00","description":"\u00bfSab\u00edas que las alfombras vin\u00edlicas de MOTIF son las \u00fanicas del mercado que las puedes limpiar con lej\u00eda? Sin duda, el dise\u00f1o y la calidad de estas","breadcrumb":{"@id":"https:\/\/www.motif.es\/blog\/por-que-decimos-que-nuestras-alfombras-vinilicas-son-las-mas-higienicas\/#breadcrumb"},"inLanguage":"es","potentialAction":[{"@type":"ReadAction","target":["https:\/\/www.motif.es\/blog\/por-que-decimos-que-nuestras-alfombras-vinilicas-son-las-mas-higienicas\/"]}]},{"@type":"ImageObject","inLanguage":"es","@id":"https:\/\/www.motif.es\/blog\/por-que-decimos-que-nuestras-alfombras-vinilicas-son-las-mas-higienicas\/#primaryimage","url":"https:\/\/www.motif.es\/blog\/wp-content\/uploads\/2020\/12\/ALFOMBRA-VINILICA-FILIGRANA.jpg","contentUrl":"https:\/\/www.motif.es\/blog\/wp-content\/uploads\/2020\/12\/ALFOMBRA-VINILICA-FILIGRANA.jpg","width":1000,"height":1000},{"@type":"BreadcrumbList","@id":"https:\/\/www.motif.es\/blog\/por-que-decimos-que-nuestras-alfombras-vinilicas-son-las-mas-higienicas\/#breadcrumb","itemListElement":[{"@type":"ListItem","position":1,"name":"Blog","item":"https:\/\/www.motif.es\/blog\/"},{"@type":"ListItem","position":2,"name":"sobre alfombras vin\u00edlicas","item":"https:\/\/www.motif.es\/blog\/category\/sobre-alfombras-vinilicas\/"},{"@type":"ListItem","position":3,"name":"\u00bfPor qu\u00e9 decimos que nuestras alfombras vin\u00edlicas son las m\u00e1s higi\u00e9nicas?"}]},{"@type":"WebSite","@id":"https:\/\/www.motif.es\/blog\/#website","url":"https:\/\/www.motif.es\/blog\/","name":"Blog Motif","description":"nuestro rinc\u00f3n para inspirarte","publisher":{"@id":"https:\/\/www.motif.es\/blog\/#organization"},"potentialAction":[{"@type":"SearchAction","target":{"@type":"EntryPoint","urlTemplate":"https:\/\/www.motif.es\/blog\/?s={search_term_string}"},"query-input":{"@type":"PropertyValueSpecification","valueRequired":true,"valueName":"search_term_string"}}],"inLanguage":"es"},{"@type":"Organization","@id":"https:\/\/www.motif.es\/blog\/#organization","name":"Motif Wallpapers S.L.U.","url":"https:\/\/www.motif.es\/blog\/","logo":{"@type":"ImageObject","inLanguage":"es","@id":"https:\/\/www.motif.es\/blog\/#\/schema\/logo\/image\/","url":"https:\/\/motif.es\/blog\/wp-content\/uploads\/2021\/06\/logo-motif.jpg","contentUrl":"https:\/\/motif.es\/blog\/wp-content\/uploads\/2021\/06\/logo-motif.jpg","width":464,"height":464,"caption":"Motif Wallpapers S.L.U."},"image":{"@id":"https:\/\/www.motif.es\/blog\/#\/schema\/logo\/image\/"},"sameAs":["https:\/\/www.facebook.com\/motifmorethanwalls\/","https:\/\/www.instagram.com\/motif_es\/?hl=es","https:\/\/www.pinterest.es\/motifwallpapers\/","https:\/\/www.youtube.com\/channel\/UCNaOmbxD6LjcQNj4vmfVIUg"]},{"@type":"Person","@id":"https:\/\/www.motif.es\/blog\/#\/schema\/person\/aac26ed80d8e02fb9525ec6b569d75e9","name":"Comunicaci\u00f3n Motif","image":{"@type":"ImageObject","inLanguage":"es","@id":"https:\/\/secure.gravatar.com\/avatar\/93b2fb49a03bd7a57b5f5e8c3b740113f14f25da86b090887d9353672de2d9b5?s=96&d=mm&r=g","url":"https:\/\/secure.gravatar.com\/avatar\/93b2fb49a03bd7a57b5f5e8c3b740113f14f25da86b090887d9353672de2d9b5?s=96&d=mm&r=g","contentUrl":"https:\/\/secure.gravatar.com\/avatar\/93b2fb49a03bd7a57b5f5e8c3b740113f14f25da86b090887d9353672de2d9b5?s=96&d=mm&r=g","caption":"Comunicaci\u00f3n Motif"},"url":"https:\/\/www.motif.es\/blog\/author\/comunicacion\/"}]}},"_links":{"self":[{"href":"https:\/\/www.motif.es\/blog\/wp-json\/wp\/v2\/posts\/509","targetHints":{"allow":["GET"]}}],"collection":[{"href":"https:\/\/www.motif.es\/blog\/wp-json\/wp\/v2\/posts"}],"about":[{"href":"https:\/\/www.motif.es\/blog\/wp-json\/wp\/v2\/types\/post"}],"author":[{"embeddable":true,"href":"https:\/\/www.motif.es\/blog\/wp-json\/wp\/v2\/users\/2"}],"replies":[{"embeddable":true,"href":"https:\/\/www.motif.es\/blog\/wp-json\/wp\/v2\/comments?post=509"}],"version-history":[{"count":1,"href":"https:\/\/www.motif.es\/blog\/wp-json\/wp\/v2\/posts\/509\/revisions"}],"predecessor-version":[{"id":512,"href":"https:\/\/www.motif.es\/blog\/wp-json\/wp\/v2\/posts\/509\/revisions\/512"}],"wp:featuredmedia":[{"embeddable":true,"href":"https:\/\/www.motif.es\/blog\/wp-json\/wp\/v2\/media\/510"}],"wp:attachment":[{"href":"https:\/\/www.motif.es\/blog\/wp-json\/wp\/v2\/media?parent=509"}],"wp:term":[{"taxonomy":"category","embeddable":true,"href":"https:\/\/www.motif.es\/blog\/wp-json\/wp\/v2\/categories?post=509"},{"taxonomy":"post_tag","embeddable":true,"href":"https:\/\/www.motif.es\/blog\/wp-json\/wp\/v2\/tags?post=509"}],"curies":[{"name":"wp","href":"https:\/\/api.w.org\/{rel}","templated":true}]}}