{"id":526,"date":"2020-11-03T09:25:59","date_gmt":"2020-11-03T09:25:59","guid":{"rendered":"https:\/\/motif.es\/blog\/?p=526"},"modified":"2021-01-04T09:28:50","modified_gmt":"2021-01-04T09:28:50","slug":"donde-poner-tu-gallery-wall","status":"publish","type":"post","link":"https:\/\/www.motif.es\/blog\/donde-poner-tu-gallery-wall\/","title":{"rendered":"\u00bfD\u00f3nde poner tu Gallery Wall?"},"content":{"rendered":"<p><span style=\"font-weight: 400;\">Lo sabemos, cualquier pared queda preciosa con los conjuntos de l\u00e1minas que hemos creado para ti. Porque s\u00ed, si no lo sab\u00edas una Gallery Wall es la palabra fancy para llamar a esos conjuntos de l\u00e1minas preciosas que quedan en perfecta armon\u00eda entre ellos.\u00a0<\/span><\/p>\n<p><span style=\"font-weight: 400;\">Como quiz\u00e1s ya sepas, en nuestro af\u00e1n por facilitaros la vida y alegrar vuestras pareces hemos creado varios conjuntos de l\u00e1minas ya predeterminadas para que no tengas que ir uniendo, pensando c\u00f3mo colocarlas\u2026 vamos, para que no te compliques la vida ni un poquito.\u00a0<\/span><\/p>\n<p><img loading=\"lazy\" decoding=\"async\" class=\"aligncenter wp-image-527 size-full\" src=\"https:\/\/motif.es\/blog\/wp-content\/uploads\/2021\/01\/gallery-wall.jpg\" alt=\"\" width=\"1000\" height=\"1000\" srcset=\"https:\/\/www.motif.es\/blog\/wp-content\/uploads\/2021\/01\/gallery-wall.jpg 1000w, https:\/\/www.motif.es\/blog\/wp-content\/uploads\/2021\/01\/gallery-wall-300x300.jpg 300w, https:\/\/www.motif.es\/blog\/wp-content\/uploads\/2021\/01\/gallery-wall-150x150.jpg 150w, https:\/\/www.motif.es\/blog\/wp-content\/uploads\/2021\/01\/gallery-wall-768x768.jpg 768w, https:\/\/www.motif.es\/blog\/wp-content\/uploads\/2021\/01\/gallery-wall-400x400.jpg 400w, https:\/\/www.motif.es\/blog\/wp-content\/uploads\/2021\/01\/gallery-wall-96x96.jpg 96w\" sizes=\"auto, (max-width: 1000px) 100vw, 1000px\" \/><\/p>\n<p><span style=\"font-weight: 400;\">Pues bueno, para seguir facilitando el camino a una pared m\u00e1s bella te explicamos hoy nuestros tres sitios favoritos donde colocarlas:<\/span><\/p>\n<ol>\n<li style=\"font-weight: 400;\"><span style=\"font-weight: 400;\">Pasillo:<\/span><\/li>\n<\/ol>\n<p><span style=\"font-weight: 400;\">Le tenemos un cari\u00f1o especial a esta zona de tu casa. Suele estar tan desatendido que nos da penita. Queremos verlo alegre, colorido y lleno de vida. En definitiva, queremos que sea #otrorollo.\u00a0<\/span><\/p>\n<p style=\"text-align: left;\">\n<p><span style=\"font-weight: 400;\">Para ello nada m\u00e1s sencillo que colocar un conjunto de l\u00e1minas \u00bfD\u00f3nde? Nos encanta esa pared del fondo que ves siempre mientras recorres el camino al resto de estancias de tu casa.\u00a0<\/span><\/p>\n<ol>\n<li style=\"font-weight: 400;\"><span style=\"font-weight: 400;\">Encima del sof\u00e1<\/span><\/li>\n<\/ol>\n<p><span style=\"font-weight: 400;\">Es un lugar m\u00edtico, all\u00ed donde antes coronaban las fotograf\u00edas XXL de bodas y comuniones ahora nos gusta ver arte inspirador.<\/span><\/p>\n<p style=\"text-align: left;\">\n<p><span style=\"font-weight: 400;\">Pocas cosas nos parecen mejores que un conjunto de im\u00e1genes que nos transmitan la armon\u00eda y calidez necesaria para esta parte de tu casa dise\u00f1ada para el disfrute.\u00a0<\/span><\/p>\n<p style=\"text-align: left;\">\n<ol>\n<li style=\"font-weight: 400;\"><span style=\"font-weight: 400;\">En la pared que ve el peque desde su cama<\/span><\/li>\n<\/ol>\n<p><span style=\"font-weight: 400;\">Otra de nuestras obsesiones son las habitaciones infantiles. Hacerlas muy gustosas para que tus peques amontonen buenos recuerdos en ella es uno de nuestros motores principales.\u00a0<\/span><\/p>\n<p style=\"text-align: left;\">\n<p><span style=\"font-weight: 400;\">Por eso hemos pensado especialmente en ellos para algunas de las colecciones de l\u00e1minas, so\u00f1amos con que las pongas en un lugar donde las vean nada m\u00e1s abrir los ojos y as\u00ed que comiencen el d\u00eda con alegr\u00eda.\u00a0<\/span><\/p>\n<p style=\"text-align: left;\">\n<p><span style=\"font-weight: 400;\">\u00bfCu\u00e1l es tu lugar favorito? Ya sabes que nos encanta ver tus creaciones, nos puedes mandar fotos de tu pared por mail o redes sociales \u00a1compartamos la inspiraci\u00f3n!\u00a0\u00a0<\/span><\/p>\n<p style=\"text-align: left;\">\n","protected":false},"excerpt":{"rendered":"<p>Lo sabemos, cualquier pared queda preciosa con los conjuntos de l\u00e1minas que hemos creado para ti. Porque s\u00ed, si no lo sab\u00edas una Gallery Wall es la palabra fancy para llamar a esos conjuntos de l\u00e1minas preciosas que quedan en perfecta armon\u00eda entre ellos.\u00a0 Como quiz\u00e1s ya sepas, en nuestro af\u00e1n por facilitaros la vida [&#8230;]<\/p>\n","protected":false},"author":2,"featured_media":527,"comment_status":"open","ping_status":"open","sticky":false,"template":"","format":"standard","meta":{"_acf_changed":false,"footnotes":""},"categories":[9],"tags":[],"class_list":["post-526","post","type-post","status-publish","format-standard","has-post-thumbnail","hentry","category-inspirate"],"acf":[],"yoast_head":"<!-- This site is optimized with the Yoast SEO plugin v27.5 - https:\/\/yoast.com\/product\/yoast-seo-wordpress\/ -->\n<title>\u00bfD\u00f3nde poner tu Gallery Wall? - Blog Motif<\/title>\n<meta name=\"description\" content=\"Lo sabemos, cualquier pared queda preciosa con los conjuntos de l\u00e1minas que hemos creado para ti. Porque s\u00ed, si no lo sab\u00edas una Gallery Wall es la\" \/>\n<meta name=\"robots\" content=\"index, follow, max-snippet:-1, max-image-preview:large, max-video-preview:-1\" \/>\n<link rel=\"canonical\" href=\"https:\/\/www.motif.es\/blog\/donde-poner-tu-gallery-wall\/\" \/>\n<meta property=\"og:locale\" content=\"es_ES\" \/>\n<meta property=\"og:type\" content=\"article\" \/>\n<meta property=\"og:title\" content=\"\u00bfD\u00f3nde poner tu Gallery Wall? - Blog Motif\" \/>\n<meta property=\"og:description\" content=\"Lo sabemos, cualquier pared queda preciosa con los conjuntos de l\u00e1minas que hemos creado para ti. Porque s\u00ed, si no lo sab\u00edas una Gallery Wall es la\" \/>\n<meta property=\"og:url\" content=\"https:\/\/www.motif.es\/blog\/donde-poner-tu-gallery-wall\/\" \/>\n<meta property=\"og:site_name\" content=\"Blog Motif\" \/>\n<meta property=\"article:publisher\" content=\"https:\/\/www.facebook.com\/motifmorethanwalls\/\" \/>\n<meta property=\"article:published_time\" content=\"2020-11-03T09:25:59+00:00\" \/>\n<meta property=\"article:modified_time\" content=\"2021-01-04T09:28:50+00:00\" \/>\n<meta property=\"og:image\" content=\"https:\/\/www.motif.es\/blog\/wp-content\/uploads\/2021\/01\/gallery-wall.jpg\" \/>\n\t<meta property=\"og:image:width\" content=\"1000\" \/>\n\t<meta property=\"og:image:height\" content=\"1000\" \/>\n\t<meta property=\"og:image:type\" content=\"image\/jpeg\" \/>\n<meta name=\"author\" content=\"Comunicaci\u00f3n Motif\" \/>\n<meta name=\"twitter:card\" content=\"summary_large_image\" \/>\n<meta name=\"twitter:label1\" content=\"Escrito por\" \/>\n\t<meta name=\"twitter:data1\" content=\"Comunicaci\u00f3n Motif\" \/>\n\t<meta name=\"twitter:label2\" content=\"Tiempo de lectura\" \/>\n\t<meta name=\"twitter:data2\" content=\"2 minutos\" \/>\n<script type=\"application\/ld+json\" class=\"yoast-schema-graph\">{\"@context\":\"https:\\\/\\\/schema.org\",\"@graph\":[{\"@type\":\"Article\",\"@id\":\"https:\\\/\\\/www.motif.es\\\/blog\\\/donde-poner-tu-gallery-wall\\\/#article\",\"isPartOf\":{\"@id\":\"https:\\\/\\\/www.motif.es\\\/blog\\\/donde-poner-tu-gallery-wall\\\/\"},\"author\":{\"name\":\"Comunicaci\u00f3n Motif\",\"@id\":\"https:\\\/\\\/www.motif.es\\\/blog\\\/#\\\/schema\\\/person\\\/aac26ed80d8e02fb9525ec6b569d75e9\"},\"headline\":\"\u00bfD\u00f3nde poner tu Gallery Wall?\",\"datePublished\":\"2020-11-03T09:25:59+00:00\",\"dateModified\":\"2021-01-04T09:28:50+00:00\",\"mainEntityOfPage\":{\"@id\":\"https:\\\/\\\/www.motif.es\\\/blog\\\/donde-poner-tu-gallery-wall\\\/\"},\"wordCount\":360,\"commentCount\":0,\"publisher\":{\"@id\":\"https:\\\/\\\/www.motif.es\\\/blog\\\/#organization\"},\"image\":{\"@id\":\"https:\\\/\\\/www.motif.es\\\/blog\\\/donde-poner-tu-gallery-wall\\\/#primaryimage\"},\"thumbnailUrl\":\"https:\\\/\\\/www.motif.es\\\/blog\\\/wp-content\\\/uploads\\\/2021\\\/01\\\/gallery-wall.jpg\",\"articleSection\":[\"insp\u00edrate\"],\"inLanguage\":\"es\",\"potentialAction\":[{\"@type\":\"CommentAction\",\"name\":\"Comment\",\"target\":[\"https:\\\/\\\/www.motif.es\\\/blog\\\/donde-poner-tu-gallery-wall\\\/#respond\"]}]},{\"@type\":\"WebPage\",\"@id\":\"https:\\\/\\\/www.motif.es\\\/blog\\\/donde-poner-tu-gallery-wall\\\/\",\"url\":\"https:\\\/\\\/www.motif.es\\\/blog\\\/donde-poner-tu-gallery-wall\\\/\",\"name\":\"\u00bfD\u00f3nde poner tu Gallery Wall? - Blog Motif\",\"isPartOf\":{\"@id\":\"https:\\\/\\\/www.motif.es\\\/blog\\\/#website\"},\"primaryImageOfPage\":{\"@id\":\"https:\\\/\\\/www.motif.es\\\/blog\\\/donde-poner-tu-gallery-wall\\\/#primaryimage\"},\"image\":{\"@id\":\"https:\\\/\\\/www.motif.es\\\/blog\\\/donde-poner-tu-gallery-wall\\\/#primaryimage\"},\"thumbnailUrl\":\"https:\\\/\\\/www.motif.es\\\/blog\\\/wp-content\\\/uploads\\\/2021\\\/01\\\/gallery-wall.jpg\",\"datePublished\":\"2020-11-03T09:25:59+00:00\",\"dateModified\":\"2021-01-04T09:28:50+00:00\",\"description\":\"Lo sabemos, cualquier pared queda preciosa con los conjuntos de l\u00e1minas que hemos creado para ti. Porque s\u00ed, si no lo sab\u00edas una Gallery Wall es la\",\"breadcrumb\":{\"@id\":\"https:\\\/\\\/www.motif.es\\\/blog\\\/donde-poner-tu-gallery-wall\\\/#breadcrumb\"},\"inLanguage\":\"es\",\"potentialAction\":[{\"@type\":\"ReadAction\",\"target\":[\"https:\\\/\\\/www.motif.es\\\/blog\\\/donde-poner-tu-gallery-wall\\\/\"]}]},{\"@type\":\"ImageObject\",\"inLanguage\":\"es\",\"@id\":\"https:\\\/\\\/www.motif.es\\\/blog\\\/donde-poner-tu-gallery-wall\\\/#primaryimage\",\"url\":\"https:\\\/\\\/www.motif.es\\\/blog\\\/wp-content\\\/uploads\\\/2021\\\/01\\\/gallery-wall.jpg\",\"contentUrl\":\"https:\\\/\\\/www.motif.es\\\/blog\\\/wp-content\\\/uploads\\\/2021\\\/01\\\/gallery-wall.jpg\",\"width\":1000,\"height\":1000},{\"@type\":\"BreadcrumbList\",\"@id\":\"https:\\\/\\\/www.motif.es\\\/blog\\\/donde-poner-tu-gallery-wall\\\/#breadcrumb\",\"itemListElement\":[{\"@type\":\"ListItem\",\"position\":1,\"name\":\"Blog\",\"item\":\"https:\\\/\\\/www.motif.es\\\/blog\\\/\"},{\"@type\":\"ListItem\",\"position\":2,\"name\":\"insp\u00edrate\",\"item\":\"https:\\\/\\\/www.motif.es\\\/blog\\\/category\\\/inspirate\\\/\"},{\"@type\":\"ListItem\",\"position\":3,\"name\":\"\u00bfD\u00f3nde poner tu Gallery Wall?\"}]},{\"@type\":\"WebSite\",\"@id\":\"https:\\\/\\\/www.motif.es\\\/blog\\\/#website\",\"url\":\"https:\\\/\\\/www.motif.es\\\/blog\\\/\",\"name\":\"Blog Motif\",\"description\":\"nuestro rinc\u00f3n para inspirarte\",\"publisher\":{\"@id\":\"https:\\\/\\\/www.motif.es\\\/blog\\\/#organization\"},\"potentialAction\":[{\"@type\":\"SearchAction\",\"target\":{\"@type\":\"EntryPoint\",\"urlTemplate\":\"https:\\\/\\\/www.motif.es\\\/blog\\\/?s={search_term_string}\"},\"query-input\":{\"@type\":\"PropertyValueSpecification\",\"valueRequired\":true,\"valueName\":\"search_term_string\"}}],\"inLanguage\":\"es\"},{\"@type\":\"Organization\",\"@id\":\"https:\\\/\\\/www.motif.es\\\/blog\\\/#organization\",\"name\":\"Motif Wallpapers S.L.U.\",\"url\":\"https:\\\/\\\/www.motif.es\\\/blog\\\/\",\"logo\":{\"@type\":\"ImageObject\",\"inLanguage\":\"es\",\"@id\":\"https:\\\/\\\/www.motif.es\\\/blog\\\/#\\\/schema\\\/logo\\\/image\\\/\",\"url\":\"https:\\\/\\\/motif.es\\\/blog\\\/wp-content\\\/uploads\\\/2021\\\/06\\\/logo-motif.jpg\",\"contentUrl\":\"https:\\\/\\\/motif.es\\\/blog\\\/wp-content\\\/uploads\\\/2021\\\/06\\\/logo-motif.jpg\",\"width\":464,\"height\":464,\"caption\":\"Motif Wallpapers S.L.U.\"},\"image\":{\"@id\":\"https:\\\/\\\/www.motif.es\\\/blog\\\/#\\\/schema\\\/logo\\\/image\\\/\"},\"sameAs\":[\"https:\\\/\\\/www.facebook.com\\\/motifmorethanwalls\\\/\",\"https:\\\/\\\/www.instagram.com\\\/motif_es\\\/?hl=es\",\"https:\\\/\\\/www.pinterest.es\\\/motifwallpapers\\\/\",\"https:\\\/\\\/www.youtube.com\\\/channel\\\/UCNaOmbxD6LjcQNj4vmfVIUg\"]},{\"@type\":\"Person\",\"@id\":\"https:\\\/\\\/www.motif.es\\\/blog\\\/#\\\/schema\\\/person\\\/aac26ed80d8e02fb9525ec6b569d75e9\",\"name\":\"Comunicaci\u00f3n Motif\",\"image\":{\"@type\":\"ImageObject\",\"inLanguage\":\"es\",\"@id\":\"https:\\\/\\\/secure.gravatar.com\\\/avatar\\\/93b2fb49a03bd7a57b5f5e8c3b740113f14f25da86b090887d9353672de2d9b5?s=96&d=mm&r=g\",\"url\":\"https:\\\/\\\/secure.gravatar.com\\\/avatar\\\/93b2fb49a03bd7a57b5f5e8c3b740113f14f25da86b090887d9353672de2d9b5?s=96&d=mm&r=g\",\"contentUrl\":\"https:\\\/\\\/secure.gravatar.com\\\/avatar\\\/93b2fb49a03bd7a57b5f5e8c3b740113f14f25da86b090887d9353672de2d9b5?s=96&d=mm&r=g\",\"caption\":\"Comunicaci\u00f3n Motif\"},\"url\":\"https:\\\/\\\/www.motif.es\\\/blog\\\/author\\\/comunicacion\\\/\"}]}<\/script>\n<!-- \/ Yoast SEO plugin. -->","yoast_head_json":{"title":"\u00bfD\u00f3nde poner tu Gallery Wall? - Blog Motif","description":"Lo sabemos, cualquier pared queda preciosa con los conjuntos de l\u00e1minas que hemos creado para ti. Porque s\u00ed, si no lo sab\u00edas una Gallery Wall es la","robots":{"index":"index","follow":"follow","max-snippet":"max-snippet:-1","max-image-preview":"max-image-preview:large","max-video-preview":"max-video-preview:-1"},"canonical":"https:\/\/www.motif.es\/blog\/donde-poner-tu-gallery-wall\/","og_locale":"es_ES","og_type":"article","og_title":"\u00bfD\u00f3nde poner tu Gallery Wall? - Blog Motif","og_description":"Lo sabemos, cualquier pared queda preciosa con los conjuntos de l\u00e1minas que hemos creado para ti. Porque s\u00ed, si no lo sab\u00edas una Gallery Wall es la","og_url":"https:\/\/www.motif.es\/blog\/donde-poner-tu-gallery-wall\/","og_site_name":"Blog Motif","article_publisher":"https:\/\/www.facebook.com\/motifmorethanwalls\/","article_published_time":"2020-11-03T09:25:59+00:00","article_modified_time":"2021-01-04T09:28:50+00:00","og_image":[{"width":1000,"height":1000,"url":"https:\/\/www.motif.es\/blog\/wp-content\/uploads\/2021\/01\/gallery-wall.jpg","type":"image\/jpeg"}],"author":"Comunicaci\u00f3n Motif","twitter_card":"summary_large_image","twitter_misc":{"Escrito por":"Comunicaci\u00f3n Motif","Tiempo de lectura":"2 minutos"},"schema":{"@context":"https:\/\/schema.org","@graph":[{"@type":"Article","@id":"https:\/\/www.motif.es\/blog\/donde-poner-tu-gallery-wall\/#article","isPartOf":{"@id":"https:\/\/www.motif.es\/blog\/donde-poner-tu-gallery-wall\/"},"author":{"name":"Comunicaci\u00f3n Motif","@id":"https:\/\/www.motif.es\/blog\/#\/schema\/person\/aac26ed80d8e02fb9525ec6b569d75e9"},"headline":"\u00bfD\u00f3nde poner tu Gallery Wall?","datePublished":"2020-11-03T09:25:59+00:00","dateModified":"2021-01-04T09:28:50+00:00","mainEntityOfPage":{"@id":"https:\/\/www.motif.es\/blog\/donde-poner-tu-gallery-wall\/"},"wordCount":360,"commentCount":0,"publisher":{"@id":"https:\/\/www.motif.es\/blog\/#organization"},"image":{"@id":"https:\/\/www.motif.es\/blog\/donde-poner-tu-gallery-wall\/#primaryimage"},"thumbnailUrl":"https:\/\/www.motif.es\/blog\/wp-content\/uploads\/2021\/01\/gallery-wall.jpg","articleSection":["insp\u00edrate"],"inLanguage":"es","potentialAction":[{"@type":"CommentAction","name":"Comment","target":["https:\/\/www.motif.es\/blog\/donde-poner-tu-gallery-wall\/#respond"]}]},{"@type":"WebPage","@id":"https:\/\/www.motif.es\/blog\/donde-poner-tu-gallery-wall\/","url":"https:\/\/www.motif.es\/blog\/donde-poner-tu-gallery-wall\/","name":"\u00bfD\u00f3nde poner tu Gallery Wall? - Blog Motif","isPartOf":{"@id":"https:\/\/www.motif.es\/blog\/#website"},"primaryImageOfPage":{"@id":"https:\/\/www.motif.es\/blog\/donde-poner-tu-gallery-wall\/#primaryimage"},"image":{"@id":"https:\/\/www.motif.es\/blog\/donde-poner-tu-gallery-wall\/#primaryimage"},"thumbnailUrl":"https:\/\/www.motif.es\/blog\/wp-content\/uploads\/2021\/01\/gallery-wall.jpg","datePublished":"2020-11-03T09:25:59+00:00","dateModified":"2021-01-04T09:28:50+00:00","description":"Lo sabemos, cualquier pared queda preciosa con los conjuntos de l\u00e1minas que hemos creado para ti. Porque s\u00ed, si no lo sab\u00edas una Gallery Wall es la","breadcrumb":{"@id":"https:\/\/www.motif.es\/blog\/donde-poner-tu-gallery-wall\/#breadcrumb"},"inLanguage":"es","potentialAction":[{"@type":"ReadAction","target":["https:\/\/www.motif.es\/blog\/donde-poner-tu-gallery-wall\/"]}]},{"@type":"ImageObject","inLanguage":"es","@id":"https:\/\/www.motif.es\/blog\/donde-poner-tu-gallery-wall\/#primaryimage","url":"https:\/\/www.motif.es\/blog\/wp-content\/uploads\/2021\/01\/gallery-wall.jpg","contentUrl":"https:\/\/www.motif.es\/blog\/wp-content\/uploads\/2021\/01\/gallery-wall.jpg","width":1000,"height":1000},{"@type":"BreadcrumbList","@id":"https:\/\/www.motif.es\/blog\/donde-poner-tu-gallery-wall\/#breadcrumb","itemListElement":[{"@type":"ListItem","position":1,"name":"Blog","item":"https:\/\/www.motif.es\/blog\/"},{"@type":"ListItem","position":2,"name":"insp\u00edrate","item":"https:\/\/www.motif.es\/blog\/category\/inspirate\/"},{"@type":"ListItem","position":3,"name":"\u00bfD\u00f3nde poner tu Gallery Wall?"}]},{"@type":"WebSite","@id":"https:\/\/www.motif.es\/blog\/#website","url":"https:\/\/www.motif.es\/blog\/","name":"Blog Motif","description":"nuestro rinc\u00f3n para inspirarte","publisher":{"@id":"https:\/\/www.motif.es\/blog\/#organization"},"potentialAction":[{"@type":"SearchAction","target":{"@type":"EntryPoint","urlTemplate":"https:\/\/www.motif.es\/blog\/?s={search_term_string}"},"query-input":{"@type":"PropertyValueSpecification","valueRequired":true,"valueName":"search_term_string"}}],"inLanguage":"es"},{"@type":"Organization","@id":"https:\/\/www.motif.es\/blog\/#organization","name":"Motif Wallpapers S.L.U.","url":"https:\/\/www.motif.es\/blog\/","logo":{"@type":"ImageObject","inLanguage":"es","@id":"https:\/\/www.motif.es\/blog\/#\/schema\/logo\/image\/","url":"https:\/\/motif.es\/blog\/wp-content\/uploads\/2021\/06\/logo-motif.jpg","contentUrl":"https:\/\/motif.es\/blog\/wp-content\/uploads\/2021\/06\/logo-motif.jpg","width":464,"height":464,"caption":"Motif Wallpapers S.L.U."},"image":{"@id":"https:\/\/www.motif.es\/blog\/#\/schema\/logo\/image\/"},"sameAs":["https:\/\/www.facebook.com\/motifmorethanwalls\/","https:\/\/www.instagram.com\/motif_es\/?hl=es","https:\/\/www.pinterest.es\/motifwallpapers\/","https:\/\/www.youtube.com\/channel\/UCNaOmbxD6LjcQNj4vmfVIUg"]},{"@type":"Person","@id":"https:\/\/www.motif.es\/blog\/#\/schema\/person\/aac26ed80d8e02fb9525ec6b569d75e9","name":"Comunicaci\u00f3n Motif","image":{"@type":"ImageObject","inLanguage":"es","@id":"https:\/\/secure.gravatar.com\/avatar\/93b2fb49a03bd7a57b5f5e8c3b740113f14f25da86b090887d9353672de2d9b5?s=96&d=mm&r=g","url":"https:\/\/secure.gravatar.com\/avatar\/93b2fb49a03bd7a57b5f5e8c3b740113f14f25da86b090887d9353672de2d9b5?s=96&d=mm&r=g","contentUrl":"https:\/\/secure.gravatar.com\/avatar\/93b2fb49a03bd7a57b5f5e8c3b740113f14f25da86b090887d9353672de2d9b5?s=96&d=mm&r=g","caption":"Comunicaci\u00f3n Motif"},"url":"https:\/\/www.motif.es\/blog\/author\/comunicacion\/"}]}},"_links":{"self":[{"href":"https:\/\/www.motif.es\/blog\/wp-json\/wp\/v2\/posts\/526","targetHints":{"allow":["GET"]}}],"collection":[{"href":"https:\/\/www.motif.es\/blog\/wp-json\/wp\/v2\/posts"}],"about":[{"href":"https:\/\/www.motif.es\/blog\/wp-json\/wp\/v2\/types\/post"}],"author":[{"embeddable":true,"href":"https:\/\/www.motif.es\/blog\/wp-json\/wp\/v2\/users\/2"}],"replies":[{"embeddable":true,"href":"https:\/\/www.motif.es\/blog\/wp-json\/wp\/v2\/comments?post=526"}],"version-history":[{"count":1,"href":"https:\/\/www.motif.es\/blog\/wp-json\/wp\/v2\/posts\/526\/revisions"}],"predecessor-version":[{"id":528,"href":"https:\/\/www.motif.es\/blog\/wp-json\/wp\/v2\/posts\/526\/revisions\/528"}],"wp:featuredmedia":[{"embeddable":true,"href":"https:\/\/www.motif.es\/blog\/wp-json\/wp\/v2\/media\/527"}],"wp:attachment":[{"href":"https:\/\/www.motif.es\/blog\/wp-json\/wp\/v2\/media?parent=526"}],"wp:term":[{"taxonomy":"category","embeddable":true,"href":"https:\/\/www.motif.es\/blog\/wp-json\/wp\/v2\/categories?post=526"},{"taxonomy":"post_tag","embeddable":true,"href":"https:\/\/www.motif.es\/blog\/wp-json\/wp\/v2\/tags?post=526"}],"curies":[{"name":"wp","href":"https:\/\/api.w.org\/{rel}","templated":true}]}}