{"id":607,"date":"2021-02-11T09:31:20","date_gmt":"2021-02-11T09:31:20","guid":{"rendered":"https:\/\/motif.es\/blog\/?p=607"},"modified":"2021-02-17T09:37:32","modified_gmt":"2021-02-17T09:37:32","slug":"en-febrero-creamos-para-ti-nuestra-seccion-de-descuentazos","status":"publish","type":"post","link":"https:\/\/www.motif.es\/blog\/en-febrero-creamos-para-ti-nuestra-seccion-de-descuentazos\/","title":{"rendered":"En Febrero creamos para ti nuestra secci\u00f3n de \u2018Descuentazos\u2019"},"content":{"rendered":"<p>\u00bfCu\u00e1ndo ha sido la \u00faltima vez que te has pasado por nuestra web? ?<\/p>\n<p>Si eres de los que no puede dejar pasar la oportunidad cuando lanzamos una promoci\u00f3n, tenemos buenas noticias, este mes hemos creado una <a href=\"https:\/\/www.motif.es\/151-descuentazos\"><strong>secci\u00f3n con \u2018Descuentazos\u2019<\/strong><\/a>.<\/p>\n<p>\u00bfQu\u00e9 puedes encontrar en ella? Nuestros mismos productos de siempre, con las mismas calidades y acabados, con descuentazos b\u00e1rbaros e irrepetibles.<\/p>\n<p>En ella tienes alfombras vin\u00edlicas, papeles de pared, manteles individuales o tambi\u00e9n posavasos, pero estate atent@ porque son unidades limitadas y las tendremos hasta que se agoten.<\/p>\n<p style=\"text-align: center;\"><img loading=\"lazy\" decoding=\"async\" class=\"aligncenter wp-image-608 size-full\" src=\"https:\/\/motif.es\/blog\/wp-content\/uploads\/2021\/02\/web-motif.png\" alt=\"\" width=\"1285\" height=\"743\" srcset=\"https:\/\/www.motif.es\/blog\/wp-content\/uploads\/2021\/02\/web-motif.png 1285w, https:\/\/www.motif.es\/blog\/wp-content\/uploads\/2021\/02\/web-motif-300x173.png 300w, https:\/\/www.motif.es\/blog\/wp-content\/uploads\/2021\/02\/web-motif-1024x592.png 1024w, https:\/\/www.motif.es\/blog\/wp-content\/uploads\/2021\/02\/web-motif-768x444.png 768w, https:\/\/www.motif.es\/blog\/wp-content\/uploads\/2021\/02\/web-motif-1200x694.png 1200w\" sizes=\"auto, (max-width: 1285px) 100vw, 1285px\" \/><\/p>\n<p style=\"text-align: center;\"><em>Vista previa de la web de MOTIF en la secci\u00f3n de \u2018Descuentazos\u2019<\/em><\/p>\n<p>Te vamos a ense\u00f1ar algunas de las oportunidades que tenemos en esta secci\u00f3n.<\/p>\n<ul>\n<li><strong>Alfombra Vin\u00edlica Alpine<\/strong><\/li>\n<\/ul>\n<p style=\"text-align: center;\"><img loading=\"lazy\" decoding=\"async\" class=\"aligncenter wp-image-609 size-full\" src=\"https:\/\/motif.es\/blog\/wp-content\/uploads\/2021\/02\/alfombra-vinilica-alpine-descuentos.jpg\" alt=\"\" width=\"1000\" height=\"1000\" srcset=\"https:\/\/www.motif.es\/blog\/wp-content\/uploads\/2021\/02\/alfombra-vinilica-alpine-descuentos.jpg 1000w, https:\/\/www.motif.es\/blog\/wp-content\/uploads\/2021\/02\/alfombra-vinilica-alpine-descuentos-300x300.jpg 300w, https:\/\/www.motif.es\/blog\/wp-content\/uploads\/2021\/02\/alfombra-vinilica-alpine-descuentos-150x150.jpg 150w, https:\/\/www.motif.es\/blog\/wp-content\/uploads\/2021\/02\/alfombra-vinilica-alpine-descuentos-768x768.jpg 768w\" sizes=\"auto, (max-width: 1000px) 100vw, 1000px\" \/><\/p>\n<p>Esta preciosa alfombra con peque\u00f1os corazones de colores, es perfecta para dar un toque \u00fanico a cualquier habitaci\u00f3n de tu casa. Y adem\u00e1s, la hemos dejado para que puedas encontrarlas en dos tama\u00f1os diferentes.<\/p>\n<ul>\n<li><strong>Packs De 6 Manteles Mykonos.<\/strong><\/li>\n<\/ul>\n<p>Un exitazo entre nuestros manteles individuales en el que toda la luz y energ\u00eda de las islas ba\u00f1adas por nuestro mar se ven reflejadas en \u00e9l.<\/p>\n<p>Estos manteles est\u00e1n nada m\u00e1s y nada menos que al 55% de descuento, mientras no se agoten ?<\/p>\n<p style=\"text-align: center;\"><img loading=\"lazy\" decoding=\"async\" class=\"aligncenter wp-image-610 size-full\" src=\"https:\/\/motif.es\/blog\/wp-content\/uploads\/2021\/02\/packs-de-6-manteles-mykonos-descuentos.jpg\" alt=\"\" width=\"1000\" height=\"1000\" srcset=\"https:\/\/www.motif.es\/blog\/wp-content\/uploads\/2021\/02\/packs-de-6-manteles-mykonos-descuentos.jpg 1000w, https:\/\/www.motif.es\/blog\/wp-content\/uploads\/2021\/02\/packs-de-6-manteles-mykonos-descuentos-300x300.jpg 300w, https:\/\/www.motif.es\/blog\/wp-content\/uploads\/2021\/02\/packs-de-6-manteles-mykonos-descuentos-150x150.jpg 150w, https:\/\/www.motif.es\/blog\/wp-content\/uploads\/2021\/02\/packs-de-6-manteles-mykonos-descuentos-768x768.jpg 768w, https:\/\/www.motif.es\/blog\/wp-content\/uploads\/2021\/02\/packs-de-6-manteles-mykonos-descuentos-400x400.jpg 400w, https:\/\/www.motif.es\/blog\/wp-content\/uploads\/2021\/02\/packs-de-6-manteles-mykonos-descuentos-96x96.jpg 96w\" sizes=\"auto, (max-width: 1000px) 100vw, 1000px\" \/><\/p>\n<ul>\n<li><strong>Posavasos LovelyFlowers.<\/strong><\/li>\n<\/ul>\n<p style=\"text-align: center;\"><img loading=\"lazy\" decoding=\"async\" class=\"aligncenter wp-image-611 size-full\" src=\"https:\/\/motif.es\/blog\/wp-content\/uploads\/2021\/02\/posavasos-lovely-flowers-descuentos.jpg\" alt=\"\" width=\"1000\" height=\"1000\" srcset=\"https:\/\/www.motif.es\/blog\/wp-content\/uploads\/2021\/02\/posavasos-lovely-flowers-descuentos.jpg 1000w, https:\/\/www.motif.es\/blog\/wp-content\/uploads\/2021\/02\/posavasos-lovely-flowers-descuentos-300x300.jpg 300w, https:\/\/www.motif.es\/blog\/wp-content\/uploads\/2021\/02\/posavasos-lovely-flowers-descuentos-150x150.jpg 150w, https:\/\/www.motif.es\/blog\/wp-content\/uploads\/2021\/02\/posavasos-lovely-flowers-descuentos-768x768.jpg 768w\" sizes=\"auto, (max-width: 1000px) 100vw, 1000px\" \/><\/p>\n<p>Otro ejemplo de las precios\u00edsimas cosas que tenemos entre nuestros descuentazos, nuestros posavasos en los que todo el protagonismo se lo llevan las flores \u00a1y no nos extra\u00f1a, son preciosas!<\/p>\n<p>\u00bfQu\u00e9 te parece hasta ahora?<\/p>\n<p>Pues hay mucho m\u00e1s, y solo tienes que entrar <a href=\"https:\/\/www.motif.es\/151-descuentazos\">aqu\u00ed<\/a>?<\/p>\n<p>&nbsp;<\/p>\n<p>&nbsp;<\/p>\n","protected":false},"excerpt":{"rendered":"<p>\u00bfCu\u00e1ndo ha sido la \u00faltima vez que te has pasado por nuestra web? ? Si eres de los que no puede dejar pasar la oportunidad cuando lanzamos una promoci\u00f3n, tenemos buenas noticias, este mes hemos creado una secci\u00f3n con \u2018Descuentazos\u2019. \u00bfQu\u00e9 puedes encontrar en ella? Nuestros mismos productos de siempre, con las mismas calidades y [&#8230;]<\/p>\n","protected":false},"author":2,"featured_media":610,"comment_status":"open","ping_status":"open","sticky":false,"template":"","format":"standard","meta":{"_acf_changed":false,"footnotes":""},"categories":[8,3,2,6],"tags":[],"class_list":["post-607","post","type-post","status-publish","format-standard","has-post-thumbnail","hentry","category-sobre-alfombras-vinilicas","category-sobre-caminos-de-mesa","category-sobre-manteles-individuales","category-sobre-papeles-para-pared-autoadhesivos"],"acf":[],"yoast_head":"<!-- This site is optimized with the Yoast SEO plugin v27.5 - https:\/\/yoast.com\/product\/yoast-seo-wordpress\/ -->\n<title>En Febrero creamos para ti nuestra secci\u00f3n de \u2018Descuentazos\u2019 - Blog Motif<\/title>\n<meta name=\"description\" content=\"\u00bfCu\u00e1ndo ha sido la \u00faltima vez que te has pasado por nuestra web? ? Si eres de los que no puede dejar pasar la oportunidad cuando lanzamos una promoci\u00f3n,\" \/>\n<meta name=\"robots\" content=\"index, follow, max-snippet:-1, max-image-preview:large, max-video-preview:-1\" \/>\n<link rel=\"canonical\" href=\"https:\/\/www.motif.es\/blog\/en-febrero-creamos-para-ti-nuestra-seccion-de-descuentazos\/\" \/>\n<meta property=\"og:locale\" content=\"es_ES\" \/>\n<meta property=\"og:type\" content=\"article\" \/>\n<meta property=\"og:title\" content=\"En Febrero creamos para ti nuestra secci\u00f3n de \u2018Descuentazos\u2019 - Blog Motif\" \/>\n<meta property=\"og:description\" content=\"\u00bfCu\u00e1ndo ha sido la \u00faltima vez que te has pasado por nuestra web? ? Si eres de los que no puede dejar pasar la oportunidad cuando lanzamos una promoci\u00f3n,\" \/>\n<meta property=\"og:url\" content=\"https:\/\/www.motif.es\/blog\/en-febrero-creamos-para-ti-nuestra-seccion-de-descuentazos\/\" \/>\n<meta property=\"og:site_name\" content=\"Blog Motif\" \/>\n<meta property=\"article:publisher\" content=\"https:\/\/www.facebook.com\/motifmorethanwalls\/\" \/>\n<meta property=\"article:published_time\" content=\"2021-02-11T09:31:20+00:00\" \/>\n<meta property=\"article:modified_time\" content=\"2021-02-17T09:37:32+00:00\" \/>\n<meta property=\"og:image\" content=\"https:\/\/www.motif.es\/blog\/wp-content\/uploads\/2021\/02\/packs-de-6-manteles-mykonos-descuentos.jpg\" \/>\n\t<meta property=\"og:image:width\" content=\"1000\" \/>\n\t<meta property=\"og:image:height\" content=\"1000\" \/>\n\t<meta property=\"og:image:type\" content=\"image\/jpeg\" \/>\n<meta name=\"author\" content=\"Comunicaci\u00f3n Motif\" \/>\n<meta name=\"twitter:card\" content=\"summary_large_image\" \/>\n<meta name=\"twitter:label1\" content=\"Escrito por\" \/>\n\t<meta name=\"twitter:data1\" content=\"Comunicaci\u00f3n Motif\" \/>\n\t<meta name=\"twitter:label2\" content=\"Tiempo de lectura\" \/>\n\t<meta name=\"twitter:data2\" content=\"1 minuto\" \/>\n<script type=\"application\/ld+json\" class=\"yoast-schema-graph\">{\"@context\":\"https:\\\/\\\/schema.org\",\"@graph\":[{\"@type\":\"Article\",\"@id\":\"https:\\\/\\\/www.motif.es\\\/blog\\\/en-febrero-creamos-para-ti-nuestra-seccion-de-descuentazos\\\/#article\",\"isPartOf\":{\"@id\":\"https:\\\/\\\/www.motif.es\\\/blog\\\/en-febrero-creamos-para-ti-nuestra-seccion-de-descuentazos\\\/\"},\"author\":{\"name\":\"Comunicaci\u00f3n Motif\",\"@id\":\"https:\\\/\\\/www.motif.es\\\/blog\\\/#\\\/schema\\\/person\\\/aac26ed80d8e02fb9525ec6b569d75e9\"},\"headline\":\"En Febrero creamos para ti nuestra secci\u00f3n de \u2018Descuentazos\u2019\",\"datePublished\":\"2021-02-11T09:31:20+00:00\",\"dateModified\":\"2021-02-17T09:37:32+00:00\",\"mainEntityOfPage\":{\"@id\":\"https:\\\/\\\/www.motif.es\\\/blog\\\/en-febrero-creamos-para-ti-nuestra-seccion-de-descuentazos\\\/\"},\"wordCount\":275,\"commentCount\":0,\"publisher\":{\"@id\":\"https:\\\/\\\/www.motif.es\\\/blog\\\/#organization\"},\"image\":{\"@id\":\"https:\\\/\\\/www.motif.es\\\/blog\\\/en-febrero-creamos-para-ti-nuestra-seccion-de-descuentazos\\\/#primaryimage\"},\"thumbnailUrl\":\"https:\\\/\\\/www.motif.es\\\/blog\\\/wp-content\\\/uploads\\\/2021\\\/02\\\/packs-de-6-manteles-mykonos-descuentos.jpg\",\"articleSection\":[\"sobre alfombras vin\u00edlicas\",\"sobre caminos de mesa\",\"sobre manteles individuales\",\"sobre papeles para pared autoadhesivos\"],\"inLanguage\":\"es\",\"potentialAction\":[{\"@type\":\"CommentAction\",\"name\":\"Comment\",\"target\":[\"https:\\\/\\\/www.motif.es\\\/blog\\\/en-febrero-creamos-para-ti-nuestra-seccion-de-descuentazos\\\/#respond\"]}]},{\"@type\":\"WebPage\",\"@id\":\"https:\\\/\\\/www.motif.es\\\/blog\\\/en-febrero-creamos-para-ti-nuestra-seccion-de-descuentazos\\\/\",\"url\":\"https:\\\/\\\/www.motif.es\\\/blog\\\/en-febrero-creamos-para-ti-nuestra-seccion-de-descuentazos\\\/\",\"name\":\"En Febrero creamos para ti nuestra secci\u00f3n de \u2018Descuentazos\u2019 - Blog Motif\",\"isPartOf\":{\"@id\":\"https:\\\/\\\/www.motif.es\\\/blog\\\/#website\"},\"primaryImageOfPage\":{\"@id\":\"https:\\\/\\\/www.motif.es\\\/blog\\\/en-febrero-creamos-para-ti-nuestra-seccion-de-descuentazos\\\/#primaryimage\"},\"image\":{\"@id\":\"https:\\\/\\\/www.motif.es\\\/blog\\\/en-febrero-creamos-para-ti-nuestra-seccion-de-descuentazos\\\/#primaryimage\"},\"thumbnailUrl\":\"https:\\\/\\\/www.motif.es\\\/blog\\\/wp-content\\\/uploads\\\/2021\\\/02\\\/packs-de-6-manteles-mykonos-descuentos.jpg\",\"datePublished\":\"2021-02-11T09:31:20+00:00\",\"dateModified\":\"2021-02-17T09:37:32+00:00\",\"description\":\"\u00bfCu\u00e1ndo ha sido la \u00faltima vez que te has pasado por nuestra web? ? Si eres de los que no puede dejar pasar la oportunidad cuando lanzamos una promoci\u00f3n,\",\"breadcrumb\":{\"@id\":\"https:\\\/\\\/www.motif.es\\\/blog\\\/en-febrero-creamos-para-ti-nuestra-seccion-de-descuentazos\\\/#breadcrumb\"},\"inLanguage\":\"es\",\"potentialAction\":[{\"@type\":\"ReadAction\",\"target\":[\"https:\\\/\\\/www.motif.es\\\/blog\\\/en-febrero-creamos-para-ti-nuestra-seccion-de-descuentazos\\\/\"]}]},{\"@type\":\"ImageObject\",\"inLanguage\":\"es\",\"@id\":\"https:\\\/\\\/www.motif.es\\\/blog\\\/en-febrero-creamos-para-ti-nuestra-seccion-de-descuentazos\\\/#primaryimage\",\"url\":\"https:\\\/\\\/www.motif.es\\\/blog\\\/wp-content\\\/uploads\\\/2021\\\/02\\\/packs-de-6-manteles-mykonos-descuentos.jpg\",\"contentUrl\":\"https:\\\/\\\/www.motif.es\\\/blog\\\/wp-content\\\/uploads\\\/2021\\\/02\\\/packs-de-6-manteles-mykonos-descuentos.jpg\",\"width\":1000,\"height\":1000},{\"@type\":\"BreadcrumbList\",\"@id\":\"https:\\\/\\\/www.motif.es\\\/blog\\\/en-febrero-creamos-para-ti-nuestra-seccion-de-descuentazos\\\/#breadcrumb\",\"itemListElement\":[{\"@type\":\"ListItem\",\"position\":1,\"name\":\"Blog\",\"item\":\"https:\\\/\\\/www.motif.es\\\/blog\\\/\"},{\"@type\":\"ListItem\",\"position\":2,\"name\":\"sobre alfombras vin\u00edlicas\",\"item\":\"https:\\\/\\\/www.motif.es\\\/blog\\\/category\\\/sobre-alfombras-vinilicas\\\/\"},{\"@type\":\"ListItem\",\"position\":3,\"name\":\"En Febrero creamos para ti nuestra secci\u00f3n de \u2018Descuentazos\u2019\"}]},{\"@type\":\"WebSite\",\"@id\":\"https:\\\/\\\/www.motif.es\\\/blog\\\/#website\",\"url\":\"https:\\\/\\\/www.motif.es\\\/blog\\\/\",\"name\":\"Blog Motif\",\"description\":\"nuestro rinc\u00f3n para inspirarte\",\"publisher\":{\"@id\":\"https:\\\/\\\/www.motif.es\\\/blog\\\/#organization\"},\"potentialAction\":[{\"@type\":\"SearchAction\",\"target\":{\"@type\":\"EntryPoint\",\"urlTemplate\":\"https:\\\/\\\/www.motif.es\\\/blog\\\/?s={search_term_string}\"},\"query-input\":{\"@type\":\"PropertyValueSpecification\",\"valueRequired\":true,\"valueName\":\"search_term_string\"}}],\"inLanguage\":\"es\"},{\"@type\":\"Organization\",\"@id\":\"https:\\\/\\\/www.motif.es\\\/blog\\\/#organization\",\"name\":\"Motif Wallpapers S.L.U.\",\"url\":\"https:\\\/\\\/www.motif.es\\\/blog\\\/\",\"logo\":{\"@type\":\"ImageObject\",\"inLanguage\":\"es\",\"@id\":\"https:\\\/\\\/www.motif.es\\\/blog\\\/#\\\/schema\\\/logo\\\/image\\\/\",\"url\":\"https:\\\/\\\/motif.es\\\/blog\\\/wp-content\\\/uploads\\\/2021\\\/06\\\/logo-motif.jpg\",\"contentUrl\":\"https:\\\/\\\/motif.es\\\/blog\\\/wp-content\\\/uploads\\\/2021\\\/06\\\/logo-motif.jpg\",\"width\":464,\"height\":464,\"caption\":\"Motif Wallpapers S.L.U.\"},\"image\":{\"@id\":\"https:\\\/\\\/www.motif.es\\\/blog\\\/#\\\/schema\\\/logo\\\/image\\\/\"},\"sameAs\":[\"https:\\\/\\\/www.facebook.com\\\/motifmorethanwalls\\\/\",\"https:\\\/\\\/www.instagram.com\\\/motif_es\\\/?hl=es\",\"https:\\\/\\\/www.pinterest.es\\\/motifwallpapers\\\/\",\"https:\\\/\\\/www.youtube.com\\\/channel\\\/UCNaOmbxD6LjcQNj4vmfVIUg\"]},{\"@type\":\"Person\",\"@id\":\"https:\\\/\\\/www.motif.es\\\/blog\\\/#\\\/schema\\\/person\\\/aac26ed80d8e02fb9525ec6b569d75e9\",\"name\":\"Comunicaci\u00f3n Motif\",\"image\":{\"@type\":\"ImageObject\",\"inLanguage\":\"es\",\"@id\":\"https:\\\/\\\/secure.gravatar.com\\\/avatar\\\/93b2fb49a03bd7a57b5f5e8c3b740113f14f25da86b090887d9353672de2d9b5?s=96&d=mm&r=g\",\"url\":\"https:\\\/\\\/secure.gravatar.com\\\/avatar\\\/93b2fb49a03bd7a57b5f5e8c3b740113f14f25da86b090887d9353672de2d9b5?s=96&d=mm&r=g\",\"contentUrl\":\"https:\\\/\\\/secure.gravatar.com\\\/avatar\\\/93b2fb49a03bd7a57b5f5e8c3b740113f14f25da86b090887d9353672de2d9b5?s=96&d=mm&r=g\",\"caption\":\"Comunicaci\u00f3n Motif\"},\"url\":\"https:\\\/\\\/www.motif.es\\\/blog\\\/author\\\/comunicacion\\\/\"}]}<\/script>\n<!-- \/ Yoast SEO plugin. -->","yoast_head_json":{"title":"En Febrero creamos para ti nuestra secci\u00f3n de \u2018Descuentazos\u2019 - Blog Motif","description":"\u00bfCu\u00e1ndo ha sido la \u00faltima vez que te has pasado por nuestra web? ? Si eres de los que no puede dejar pasar la oportunidad cuando lanzamos una promoci\u00f3n,","robots":{"index":"index","follow":"follow","max-snippet":"max-snippet:-1","max-image-preview":"max-image-preview:large","max-video-preview":"max-video-preview:-1"},"canonical":"https:\/\/www.motif.es\/blog\/en-febrero-creamos-para-ti-nuestra-seccion-de-descuentazos\/","og_locale":"es_ES","og_type":"article","og_title":"En Febrero creamos para ti nuestra secci\u00f3n de \u2018Descuentazos\u2019 - Blog Motif","og_description":"\u00bfCu\u00e1ndo ha sido la \u00faltima vez que te has pasado por nuestra web? ? Si eres de los que no puede dejar pasar la oportunidad cuando lanzamos una promoci\u00f3n,","og_url":"https:\/\/www.motif.es\/blog\/en-febrero-creamos-para-ti-nuestra-seccion-de-descuentazos\/","og_site_name":"Blog Motif","article_publisher":"https:\/\/www.facebook.com\/motifmorethanwalls\/","article_published_time":"2021-02-11T09:31:20+00:00","article_modified_time":"2021-02-17T09:37:32+00:00","og_image":[{"width":1000,"height":1000,"url":"https:\/\/www.motif.es\/blog\/wp-content\/uploads\/2021\/02\/packs-de-6-manteles-mykonos-descuentos.jpg","type":"image\/jpeg"}],"author":"Comunicaci\u00f3n Motif","twitter_card":"summary_large_image","twitter_misc":{"Escrito por":"Comunicaci\u00f3n Motif","Tiempo de lectura":"1 minuto"},"schema":{"@context":"https:\/\/schema.org","@graph":[{"@type":"Article","@id":"https:\/\/www.motif.es\/blog\/en-febrero-creamos-para-ti-nuestra-seccion-de-descuentazos\/#article","isPartOf":{"@id":"https:\/\/www.motif.es\/blog\/en-febrero-creamos-para-ti-nuestra-seccion-de-descuentazos\/"},"author":{"name":"Comunicaci\u00f3n Motif","@id":"https:\/\/www.motif.es\/blog\/#\/schema\/person\/aac26ed80d8e02fb9525ec6b569d75e9"},"headline":"En Febrero creamos para ti nuestra secci\u00f3n de \u2018Descuentazos\u2019","datePublished":"2021-02-11T09:31:20+00:00","dateModified":"2021-02-17T09:37:32+00:00","mainEntityOfPage":{"@id":"https:\/\/www.motif.es\/blog\/en-febrero-creamos-para-ti-nuestra-seccion-de-descuentazos\/"},"wordCount":275,"commentCount":0,"publisher":{"@id":"https:\/\/www.motif.es\/blog\/#organization"},"image":{"@id":"https:\/\/www.motif.es\/blog\/en-febrero-creamos-para-ti-nuestra-seccion-de-descuentazos\/#primaryimage"},"thumbnailUrl":"https:\/\/www.motif.es\/blog\/wp-content\/uploads\/2021\/02\/packs-de-6-manteles-mykonos-descuentos.jpg","articleSection":["sobre alfombras vin\u00edlicas","sobre caminos de mesa","sobre manteles individuales","sobre papeles para pared autoadhesivos"],"inLanguage":"es","potentialAction":[{"@type":"CommentAction","name":"Comment","target":["https:\/\/www.motif.es\/blog\/en-febrero-creamos-para-ti-nuestra-seccion-de-descuentazos\/#respond"]}]},{"@type":"WebPage","@id":"https:\/\/www.motif.es\/blog\/en-febrero-creamos-para-ti-nuestra-seccion-de-descuentazos\/","url":"https:\/\/www.motif.es\/blog\/en-febrero-creamos-para-ti-nuestra-seccion-de-descuentazos\/","name":"En Febrero creamos para ti nuestra secci\u00f3n de \u2018Descuentazos\u2019 - Blog Motif","isPartOf":{"@id":"https:\/\/www.motif.es\/blog\/#website"},"primaryImageOfPage":{"@id":"https:\/\/www.motif.es\/blog\/en-febrero-creamos-para-ti-nuestra-seccion-de-descuentazos\/#primaryimage"},"image":{"@id":"https:\/\/www.motif.es\/blog\/en-febrero-creamos-para-ti-nuestra-seccion-de-descuentazos\/#primaryimage"},"thumbnailUrl":"https:\/\/www.motif.es\/blog\/wp-content\/uploads\/2021\/02\/packs-de-6-manteles-mykonos-descuentos.jpg","datePublished":"2021-02-11T09:31:20+00:00","dateModified":"2021-02-17T09:37:32+00:00","description":"\u00bfCu\u00e1ndo ha sido la \u00faltima vez que te has pasado por nuestra web? ? Si eres de los que no puede dejar pasar la oportunidad cuando lanzamos una promoci\u00f3n,","breadcrumb":{"@id":"https:\/\/www.motif.es\/blog\/en-febrero-creamos-para-ti-nuestra-seccion-de-descuentazos\/#breadcrumb"},"inLanguage":"es","potentialAction":[{"@type":"ReadAction","target":["https:\/\/www.motif.es\/blog\/en-febrero-creamos-para-ti-nuestra-seccion-de-descuentazos\/"]}]},{"@type":"ImageObject","inLanguage":"es","@id":"https:\/\/www.motif.es\/blog\/en-febrero-creamos-para-ti-nuestra-seccion-de-descuentazos\/#primaryimage","url":"https:\/\/www.motif.es\/blog\/wp-content\/uploads\/2021\/02\/packs-de-6-manteles-mykonos-descuentos.jpg","contentUrl":"https:\/\/www.motif.es\/blog\/wp-content\/uploads\/2021\/02\/packs-de-6-manteles-mykonos-descuentos.jpg","width":1000,"height":1000},{"@type":"BreadcrumbList","@id":"https:\/\/www.motif.es\/blog\/en-febrero-creamos-para-ti-nuestra-seccion-de-descuentazos\/#breadcrumb","itemListElement":[{"@type":"ListItem","position":1,"name":"Blog","item":"https:\/\/www.motif.es\/blog\/"},{"@type":"ListItem","position":2,"name":"sobre alfombras vin\u00edlicas","item":"https:\/\/www.motif.es\/blog\/category\/sobre-alfombras-vinilicas\/"},{"@type":"ListItem","position":3,"name":"En Febrero creamos para ti nuestra secci\u00f3n de \u2018Descuentazos\u2019"}]},{"@type":"WebSite","@id":"https:\/\/www.motif.es\/blog\/#website","url":"https:\/\/www.motif.es\/blog\/","name":"Blog Motif","description":"nuestro rinc\u00f3n para inspirarte","publisher":{"@id":"https:\/\/www.motif.es\/blog\/#organization"},"potentialAction":[{"@type":"SearchAction","target":{"@type":"EntryPoint","urlTemplate":"https:\/\/www.motif.es\/blog\/?s={search_term_string}"},"query-input":{"@type":"PropertyValueSpecification","valueRequired":true,"valueName":"search_term_string"}}],"inLanguage":"es"},{"@type":"Organization","@id":"https:\/\/www.motif.es\/blog\/#organization","name":"Motif Wallpapers S.L.U.","url":"https:\/\/www.motif.es\/blog\/","logo":{"@type":"ImageObject","inLanguage":"es","@id":"https:\/\/www.motif.es\/blog\/#\/schema\/logo\/image\/","url":"https:\/\/motif.es\/blog\/wp-content\/uploads\/2021\/06\/logo-motif.jpg","contentUrl":"https:\/\/motif.es\/blog\/wp-content\/uploads\/2021\/06\/logo-motif.jpg","width":464,"height":464,"caption":"Motif Wallpapers S.L.U."},"image":{"@id":"https:\/\/www.motif.es\/blog\/#\/schema\/logo\/image\/"},"sameAs":["https:\/\/www.facebook.com\/motifmorethanwalls\/","https:\/\/www.instagram.com\/motif_es\/?hl=es","https:\/\/www.pinterest.es\/motifwallpapers\/","https:\/\/www.youtube.com\/channel\/UCNaOmbxD6LjcQNj4vmfVIUg"]},{"@type":"Person","@id":"https:\/\/www.motif.es\/blog\/#\/schema\/person\/aac26ed80d8e02fb9525ec6b569d75e9","name":"Comunicaci\u00f3n Motif","image":{"@type":"ImageObject","inLanguage":"es","@id":"https:\/\/secure.gravatar.com\/avatar\/93b2fb49a03bd7a57b5f5e8c3b740113f14f25da86b090887d9353672de2d9b5?s=96&d=mm&r=g","url":"https:\/\/secure.gravatar.com\/avatar\/93b2fb49a03bd7a57b5f5e8c3b740113f14f25da86b090887d9353672de2d9b5?s=96&d=mm&r=g","contentUrl":"https:\/\/secure.gravatar.com\/avatar\/93b2fb49a03bd7a57b5f5e8c3b740113f14f25da86b090887d9353672de2d9b5?s=96&d=mm&r=g","caption":"Comunicaci\u00f3n Motif"},"url":"https:\/\/www.motif.es\/blog\/author\/comunicacion\/"}]}},"_links":{"self":[{"href":"https:\/\/www.motif.es\/blog\/wp-json\/wp\/v2\/posts\/607","targetHints":{"allow":["GET"]}}],"collection":[{"href":"https:\/\/www.motif.es\/blog\/wp-json\/wp\/v2\/posts"}],"about":[{"href":"https:\/\/www.motif.es\/blog\/wp-json\/wp\/v2\/types\/post"}],"author":[{"embeddable":true,"href":"https:\/\/www.motif.es\/blog\/wp-json\/wp\/v2\/users\/2"}],"replies":[{"embeddable":true,"href":"https:\/\/www.motif.es\/blog\/wp-json\/wp\/v2\/comments?post=607"}],"version-history":[{"count":1,"href":"https:\/\/www.motif.es\/blog\/wp-json\/wp\/v2\/posts\/607\/revisions"}],"predecessor-version":[{"id":612,"href":"https:\/\/www.motif.es\/blog\/wp-json\/wp\/v2\/posts\/607\/revisions\/612"}],"wp:featuredmedia":[{"embeddable":true,"href":"https:\/\/www.motif.es\/blog\/wp-json\/wp\/v2\/media\/610"}],"wp:attachment":[{"href":"https:\/\/www.motif.es\/blog\/wp-json\/wp\/v2\/media?parent=607"}],"wp:term":[{"taxonomy":"category","embeddable":true,"href":"https:\/\/www.motif.es\/blog\/wp-json\/wp\/v2\/categories?post=607"},{"taxonomy":"post_tag","embeddable":true,"href":"https:\/\/www.motif.es\/blog\/wp-json\/wp\/v2\/tags?post=607"}],"curies":[{"name":"wp","href":"https:\/\/api.w.org\/{rel}","templated":true}]}}