{"id":633,"date":"2021-03-02T16:31:11","date_gmt":"2021-03-02T16:31:11","guid":{"rendered":"https:\/\/motif.es\/blog\/?p=633"},"modified":"2021-03-03T16:36:16","modified_gmt":"2021-03-03T16:36:16","slug":"alfombras-vinilicas-para-el-dia-del-padre-por-supuesto","status":"publish","type":"post","link":"https:\/\/www.motif.es\/blog\/alfombras-vinilicas-para-el-dia-del-padre-por-supuesto\/","title":{"rendered":"\u00bfAlfombras vin\u00edlicas para el \u2018D\u00eda del padre\u2019? Por supuesto"},"content":{"rendered":"<p>Como cada a\u00f1o, <a href=\"https:\/\/www.elperiodico.com\/es\/extra\/20210222\/cuando-dia-del-padre-2021-7331445\">el 19 de marzo se celebra en toda Espa\u00f1a el <strong>d\u00eda del padre<\/strong><\/a>, y mam\u00e1s e hijos, buscan la mejor manera de decirle que es el mejor y agradecerle todos sus esfuerzos a lo largo del a\u00f1o con un regalo que le guste, que sea \u00fatil y que le sorprenda.<\/p>\n<p>\u00bfEs tu caso?<\/p>\n<p>Si es as\u00ed, en Motif hemos pensado en un regalo multifunci\u00f3n con unos dise\u00f1os pensados para que triunfes y para que el enloquezca, y lo mejor, por muy muy poquito dinero (ssssssh nunca se enterar\u00e1) ?<\/p>\n<p style=\"text-align: center;\"><img loading=\"lazy\" decoding=\"async\" class=\"aligncenter wp-image-634 size-large\" src=\"https:\/\/motif.es\/blog\/wp-content\/uploads\/2021\/03\/mejor-padre-1024x853.jpg\" alt=\"\" width=\"580\" height=\"483\" srcset=\"https:\/\/www.motif.es\/blog\/wp-content\/uploads\/2021\/03\/mejor-padre-1024x853.jpg 1024w, https:\/\/www.motif.es\/blog\/wp-content\/uploads\/2021\/03\/mejor-padre-300x250.jpg 300w, https:\/\/www.motif.es\/blog\/wp-content\/uploads\/2021\/03\/mejor-padre-768x640.jpg 768w, https:\/\/www.motif.es\/blog\/wp-content\/uploads\/2021\/03\/mejor-padre-150x125.jpg 150w, https:\/\/www.motif.es\/blog\/wp-content\/uploads\/2021\/03\/mejor-padre.jpg 1136w\" sizes=\"auto, (max-width: 580px) 100vw, 580px\" \/><\/p>\n<p>Son nuestras alfombras vin\u00edlicas que pueden hacer de alfombra de pie de cama, de alfombrilla de escritorio para su mesa de trabajo en casa o en la ofi, o como alfombra para la cocina para todos esos que se marcan unos arroces de desmayo.<\/p>\n<ul>\n<li><b>Alfombra vin\u00edlica Home iswheremy dad is.<\/b><\/li>\n<\/ul>\n<p style=\"text-align: center;\"><img loading=\"lazy\" decoding=\"async\" class=\"aligncenter wp-image-635 size-full\" src=\"https:\/\/motif.es\/blog\/wp-content\/uploads\/2021\/03\/dia-padre-1.jpg\" alt=\"\" width=\"1000\" height=\"1000\" srcset=\"https:\/\/www.motif.es\/blog\/wp-content\/uploads\/2021\/03\/dia-padre-1.jpg 1000w, https:\/\/www.motif.es\/blog\/wp-content\/uploads\/2021\/03\/dia-padre-1-300x300.jpg 300w, https:\/\/www.motif.es\/blog\/wp-content\/uploads\/2021\/03\/dia-padre-1-150x150.jpg 150w, https:\/\/www.motif.es\/blog\/wp-content\/uploads\/2021\/03\/dia-padre-1-768x768.jpg 768w\" sizes=\"auto, (max-width: 1000px) 100vw, 1000px\" \/><\/p>\n<p>Con todas las ventajas de nuestras alfombras vin\u00edlicas y un dise\u00f1o totalmente adaptado para los pap\u00e1s de todo el mundo.<\/p>\n<p>No va a poder quitarse la sonrisa al encontr\u00e1rsela cuando se levante por la ma\u00f1ana, al entrar a casa o cuando la coloque en su escritorio a modo de sobremesa, porque son perfectas para ello e ideales para mover el rat\u00f3n del ordenador.<\/p>\n<ul>\n<li><strong>Alfombra vinilica Dad You Are My Hero<\/strong>.<\/li>\n<\/ul>\n<p style=\"text-align: center;\"><img loading=\"lazy\" decoding=\"async\" class=\"aligncenter wp-image-636 size-full\" src=\"https:\/\/motif.es\/blog\/wp-content\/uploads\/2021\/03\/dia-padre-2.jpg\" alt=\"\" width=\"1000\" height=\"1000\" srcset=\"https:\/\/www.motif.es\/blog\/wp-content\/uploads\/2021\/03\/dia-padre-2.jpg 1000w, https:\/\/www.motif.es\/blog\/wp-content\/uploads\/2021\/03\/dia-padre-2-300x300.jpg 300w, https:\/\/www.motif.es\/blog\/wp-content\/uploads\/2021\/03\/dia-padre-2-150x150.jpg 150w, https:\/\/www.motif.es\/blog\/wp-content\/uploads\/2021\/03\/dia-padre-2-768x768.jpg 768w\" sizes=\"auto, (max-width: 1000px) 100vw, 1000px\" \/><\/p>\n<p>Todos los pap\u00e1s tienen algo de super h\u00e9roes y libran sus batallas particulares para que la vida de sus seres queridos sea lo m\u00e1s maravillosa posible. Esos pap\u00e1s tambi\u00e9n tienen una alfombra pensada para ellos.<\/p>\n<p>Una forma de que sepa que no nos olvidamos de todo lo que hace d\u00eda a d\u00eda ?<\/p>\n<ul>\n<li><strong>Alfombra vin\u00edlica Garabatos<\/strong>.<\/li>\n<\/ul>\n<p style=\"text-align: center;\"><img loading=\"lazy\" decoding=\"async\" class=\"aligncenter wp-image-637 size-full\" src=\"https:\/\/motif.es\/blog\/wp-content\/uploads\/2021\/03\/dia-padre-3.jpg\" alt=\"\" width=\"1000\" height=\"1000\" srcset=\"https:\/\/www.motif.es\/blog\/wp-content\/uploads\/2021\/03\/dia-padre-3.jpg 1000w, https:\/\/www.motif.es\/blog\/wp-content\/uploads\/2021\/03\/dia-padre-3-300x300.jpg 300w, https:\/\/www.motif.es\/blog\/wp-content\/uploads\/2021\/03\/dia-padre-3-150x150.jpg 150w, https:\/\/www.motif.es\/blog\/wp-content\/uploads\/2021\/03\/dia-padre-3-768x768.jpg 768w\" sizes=\"auto, (max-width: 1000px) 100vw, 1000px\" \/><\/p>\n<p>Los pap\u00e1s m\u00e1s cl\u00e1sicos a los que les gusta pasar un poco m\u00e1s desapercibidos pero que en el fondo tampoco les disgustan esos detalles en los que se les tienen presentes, para ellos tambi\u00e9n tenemos la alfombra perfecta para que lleve y ponga donde \u00e9l quiera, hasta en su oficina.<\/p>\n<ul>\n<li>Y por \u00faltimo, <strong>la alfombra vin\u00edlica El mejor papa del mundo.<\/strong><\/li>\n<\/ul>\n<p style=\"text-align: center;\"><img loading=\"lazy\" decoding=\"async\" class=\"aligncenter wp-image-638 size-full\" src=\"https:\/\/motif.es\/blog\/wp-content\/uploads\/2021\/03\/mejor-papa-del-mundo.jpg\" alt=\"\" width=\"1299\" height=\"732\" srcset=\"https:\/\/www.motif.es\/blog\/wp-content\/uploads\/2021\/03\/mejor-papa-del-mundo.jpg 1299w, https:\/\/www.motif.es\/blog\/wp-content\/uploads\/2021\/03\/mejor-papa-del-mundo-300x169.jpg 300w, https:\/\/www.motif.es\/blog\/wp-content\/uploads\/2021\/03\/mejor-papa-del-mundo-1024x577.jpg 1024w, https:\/\/www.motif.es\/blog\/wp-content\/uploads\/2021\/03\/mejor-papa-del-mundo-768x433.jpg 768w, https:\/\/www.motif.es\/blog\/wp-content\/uploads\/2021\/03\/mejor-papa-del-mundo-1200x676.jpg 1200w\" sizes=\"auto, (max-width: 1299px) 100vw, 1299px\" \/><\/p>\n<p>Porque si te paras a pensarlo, todos tenemos el mejor padre, y que nos digan lo contrario. Y ni lo dudes, les encanta que se lo digas, pero pocos lo hacen tan a menudo como se debiera sin pensarlo. Pues con este regalo le va a ser imposible olv\u00eddalo.<\/p>\n<p>\u00bfVerdad que son todo un detalle? Y adem\u00e1s las tienes en la <a href=\"https:\/\/www.motif.es\/151-descuentazos\">secci\u00f3n de descuentazos<\/a>.<\/p>\n<p>Corre que se agotan, ya est\u00e1n volando.<\/p>\n","protected":false},"excerpt":{"rendered":"<p>Como cada a\u00f1o, el 19 de marzo se celebra en toda Espa\u00f1a el d\u00eda del padre, y mam\u00e1s e hijos, buscan la mejor manera de decirle que es el mejor y agradecerle todos sus esfuerzos a lo largo del a\u00f1o con un regalo que le guste, que sea \u00fatil y que le sorprenda. \u00bfEs tu [&#8230;]<\/p>\n","protected":false},"author":2,"featured_media":634,"comment_status":"open","ping_status":"open","sticky":false,"template":"","format":"standard","meta":{"_acf_changed":false,"footnotes":""},"categories":[9,8],"tags":[],"class_list":["post-633","post","type-post","status-publish","format-standard","has-post-thumbnail","hentry","category-inspirate","category-sobre-alfombras-vinilicas"],"acf":[],"yoast_head":"<!-- This site is optimized with the Yoast SEO plugin v27.5 - https:\/\/yoast.com\/product\/yoast-seo-wordpress\/ -->\n<title>\u00bfAlfombras vin\u00edlicas para el \u2018D\u00eda del padre\u2019? Por supuesto - Blog Motif<\/title>\n<meta name=\"description\" content=\"Como cada a\u00f1o, el 19 de marzo se celebra en toda Espa\u00f1a el d\u00eda del padre, y mam\u00e1s e hijos, buscan la mejor manera de decirle que es el mejor y agradecerle\" \/>\n<meta name=\"robots\" content=\"index, follow, max-snippet:-1, max-image-preview:large, max-video-preview:-1\" \/>\n<link rel=\"canonical\" href=\"https:\/\/www.motif.es\/blog\/alfombras-vinilicas-para-el-dia-del-padre-por-supuesto\/\" \/>\n<meta property=\"og:locale\" content=\"es_ES\" \/>\n<meta property=\"og:type\" content=\"article\" \/>\n<meta property=\"og:title\" content=\"\u00bfAlfombras vin\u00edlicas para el \u2018D\u00eda del padre\u2019? Por supuesto - Blog Motif\" \/>\n<meta property=\"og:description\" content=\"Como cada a\u00f1o, el 19 de marzo se celebra en toda Espa\u00f1a el d\u00eda del padre, y mam\u00e1s e hijos, buscan la mejor manera de decirle que es el mejor y agradecerle\" \/>\n<meta property=\"og:url\" content=\"https:\/\/www.motif.es\/blog\/alfombras-vinilicas-para-el-dia-del-padre-por-supuesto\/\" \/>\n<meta property=\"og:site_name\" content=\"Blog Motif\" \/>\n<meta property=\"article:publisher\" content=\"https:\/\/www.facebook.com\/motifmorethanwalls\/\" \/>\n<meta property=\"article:published_time\" content=\"2021-03-02T16:31:11+00:00\" \/>\n<meta property=\"article:modified_time\" content=\"2021-03-03T16:36:16+00:00\" \/>\n<meta property=\"og:image\" content=\"https:\/\/www.motif.es\/blog\/wp-content\/uploads\/2021\/03\/mejor-padre.jpg\" \/>\n\t<meta property=\"og:image:width\" content=\"1136\" \/>\n\t<meta property=\"og:image:height\" content=\"946\" \/>\n\t<meta property=\"og:image:type\" content=\"image\/jpeg\" \/>\n<meta name=\"author\" content=\"Comunicaci\u00f3n Motif\" \/>\n<meta name=\"twitter:card\" content=\"summary_large_image\" \/>\n<meta name=\"twitter:label1\" content=\"Escrito por\" \/>\n\t<meta name=\"twitter:data1\" content=\"Comunicaci\u00f3n Motif\" \/>\n\t<meta name=\"twitter:label2\" content=\"Tiempo de lectura\" \/>\n\t<meta name=\"twitter:data2\" content=\"2 minutos\" \/>\n<script type=\"application\/ld+json\" class=\"yoast-schema-graph\">{\"@context\":\"https:\\\/\\\/schema.org\",\"@graph\":[{\"@type\":\"Article\",\"@id\":\"https:\\\/\\\/www.motif.es\\\/blog\\\/alfombras-vinilicas-para-el-dia-del-padre-por-supuesto\\\/#article\",\"isPartOf\":{\"@id\":\"https:\\\/\\\/www.motif.es\\\/blog\\\/alfombras-vinilicas-para-el-dia-del-padre-por-supuesto\\\/\"},\"author\":{\"name\":\"Comunicaci\u00f3n Motif\",\"@id\":\"https:\\\/\\\/www.motif.es\\\/blog\\\/#\\\/schema\\\/person\\\/aac26ed80d8e02fb9525ec6b569d75e9\"},\"headline\":\"\u00bfAlfombras vin\u00edlicas para el \u2018D\u00eda del padre\u2019? Por supuesto\",\"datePublished\":\"2021-03-02T16:31:11+00:00\",\"dateModified\":\"2021-03-03T16:36:16+00:00\",\"mainEntityOfPage\":{\"@id\":\"https:\\\/\\\/www.motif.es\\\/blog\\\/alfombras-vinilicas-para-el-dia-del-padre-por-supuesto\\\/\"},\"wordCount\":441,\"commentCount\":0,\"publisher\":{\"@id\":\"https:\\\/\\\/www.motif.es\\\/blog\\\/#organization\"},\"image\":{\"@id\":\"https:\\\/\\\/www.motif.es\\\/blog\\\/alfombras-vinilicas-para-el-dia-del-padre-por-supuesto\\\/#primaryimage\"},\"thumbnailUrl\":\"https:\\\/\\\/www.motif.es\\\/blog\\\/wp-content\\\/uploads\\\/2021\\\/03\\\/mejor-padre.jpg\",\"articleSection\":[\"insp\u00edrate\",\"sobre alfombras vin\u00edlicas\"],\"inLanguage\":\"es\",\"potentialAction\":[{\"@type\":\"CommentAction\",\"name\":\"Comment\",\"target\":[\"https:\\\/\\\/www.motif.es\\\/blog\\\/alfombras-vinilicas-para-el-dia-del-padre-por-supuesto\\\/#respond\"]}]},{\"@type\":\"WebPage\",\"@id\":\"https:\\\/\\\/www.motif.es\\\/blog\\\/alfombras-vinilicas-para-el-dia-del-padre-por-supuesto\\\/\",\"url\":\"https:\\\/\\\/www.motif.es\\\/blog\\\/alfombras-vinilicas-para-el-dia-del-padre-por-supuesto\\\/\",\"name\":\"\u00bfAlfombras vin\u00edlicas para el \u2018D\u00eda del padre\u2019? Por supuesto - Blog Motif\",\"isPartOf\":{\"@id\":\"https:\\\/\\\/www.motif.es\\\/blog\\\/#website\"},\"primaryImageOfPage\":{\"@id\":\"https:\\\/\\\/www.motif.es\\\/blog\\\/alfombras-vinilicas-para-el-dia-del-padre-por-supuesto\\\/#primaryimage\"},\"image\":{\"@id\":\"https:\\\/\\\/www.motif.es\\\/blog\\\/alfombras-vinilicas-para-el-dia-del-padre-por-supuesto\\\/#primaryimage\"},\"thumbnailUrl\":\"https:\\\/\\\/www.motif.es\\\/blog\\\/wp-content\\\/uploads\\\/2021\\\/03\\\/mejor-padre.jpg\",\"datePublished\":\"2021-03-02T16:31:11+00:00\",\"dateModified\":\"2021-03-03T16:36:16+00:00\",\"description\":\"Como cada a\u00f1o, el 19 de marzo se celebra en toda Espa\u00f1a el d\u00eda del padre, y mam\u00e1s e hijos, buscan la mejor manera de decirle que es el mejor y agradecerle\",\"breadcrumb\":{\"@id\":\"https:\\\/\\\/www.motif.es\\\/blog\\\/alfombras-vinilicas-para-el-dia-del-padre-por-supuesto\\\/#breadcrumb\"},\"inLanguage\":\"es\",\"potentialAction\":[{\"@type\":\"ReadAction\",\"target\":[\"https:\\\/\\\/www.motif.es\\\/blog\\\/alfombras-vinilicas-para-el-dia-del-padre-por-supuesto\\\/\"]}]},{\"@type\":\"ImageObject\",\"inLanguage\":\"es\",\"@id\":\"https:\\\/\\\/www.motif.es\\\/blog\\\/alfombras-vinilicas-para-el-dia-del-padre-por-supuesto\\\/#primaryimage\",\"url\":\"https:\\\/\\\/www.motif.es\\\/blog\\\/wp-content\\\/uploads\\\/2021\\\/03\\\/mejor-padre.jpg\",\"contentUrl\":\"https:\\\/\\\/www.motif.es\\\/blog\\\/wp-content\\\/uploads\\\/2021\\\/03\\\/mejor-padre.jpg\",\"width\":1136,\"height\":946},{\"@type\":\"BreadcrumbList\",\"@id\":\"https:\\\/\\\/www.motif.es\\\/blog\\\/alfombras-vinilicas-para-el-dia-del-padre-por-supuesto\\\/#breadcrumb\",\"itemListElement\":[{\"@type\":\"ListItem\",\"position\":1,\"name\":\"Blog\",\"item\":\"https:\\\/\\\/www.motif.es\\\/blog\\\/\"},{\"@type\":\"ListItem\",\"position\":2,\"name\":\"sobre alfombras vin\u00edlicas\",\"item\":\"https:\\\/\\\/www.motif.es\\\/blog\\\/category\\\/sobre-alfombras-vinilicas\\\/\"},{\"@type\":\"ListItem\",\"position\":3,\"name\":\"\u00bfAlfombras vin\u00edlicas para el \u2018D\u00eda del padre\u2019? Por supuesto\"}]},{\"@type\":\"WebSite\",\"@id\":\"https:\\\/\\\/www.motif.es\\\/blog\\\/#website\",\"url\":\"https:\\\/\\\/www.motif.es\\\/blog\\\/\",\"name\":\"Blog Motif\",\"description\":\"nuestro rinc\u00f3n para inspirarte\",\"publisher\":{\"@id\":\"https:\\\/\\\/www.motif.es\\\/blog\\\/#organization\"},\"potentialAction\":[{\"@type\":\"SearchAction\",\"target\":{\"@type\":\"EntryPoint\",\"urlTemplate\":\"https:\\\/\\\/www.motif.es\\\/blog\\\/?s={search_term_string}\"},\"query-input\":{\"@type\":\"PropertyValueSpecification\",\"valueRequired\":true,\"valueName\":\"search_term_string\"}}],\"inLanguage\":\"es\"},{\"@type\":\"Organization\",\"@id\":\"https:\\\/\\\/www.motif.es\\\/blog\\\/#organization\",\"name\":\"Motif Wallpapers S.L.U.\",\"url\":\"https:\\\/\\\/www.motif.es\\\/blog\\\/\",\"logo\":{\"@type\":\"ImageObject\",\"inLanguage\":\"es\",\"@id\":\"https:\\\/\\\/www.motif.es\\\/blog\\\/#\\\/schema\\\/logo\\\/image\\\/\",\"url\":\"https:\\\/\\\/motif.es\\\/blog\\\/wp-content\\\/uploads\\\/2021\\\/06\\\/logo-motif.jpg\",\"contentUrl\":\"https:\\\/\\\/motif.es\\\/blog\\\/wp-content\\\/uploads\\\/2021\\\/06\\\/logo-motif.jpg\",\"width\":464,\"height\":464,\"caption\":\"Motif Wallpapers S.L.U.\"},\"image\":{\"@id\":\"https:\\\/\\\/www.motif.es\\\/blog\\\/#\\\/schema\\\/logo\\\/image\\\/\"},\"sameAs\":[\"https:\\\/\\\/www.facebook.com\\\/motifmorethanwalls\\\/\",\"https:\\\/\\\/www.instagram.com\\\/motif_es\\\/?hl=es\",\"https:\\\/\\\/www.pinterest.es\\\/motifwallpapers\\\/\",\"https:\\\/\\\/www.youtube.com\\\/channel\\\/UCNaOmbxD6LjcQNj4vmfVIUg\"]},{\"@type\":\"Person\",\"@id\":\"https:\\\/\\\/www.motif.es\\\/blog\\\/#\\\/schema\\\/person\\\/aac26ed80d8e02fb9525ec6b569d75e9\",\"name\":\"Comunicaci\u00f3n Motif\",\"image\":{\"@type\":\"ImageObject\",\"inLanguage\":\"es\",\"@id\":\"https:\\\/\\\/secure.gravatar.com\\\/avatar\\\/93b2fb49a03bd7a57b5f5e8c3b740113f14f25da86b090887d9353672de2d9b5?s=96&d=mm&r=g\",\"url\":\"https:\\\/\\\/secure.gravatar.com\\\/avatar\\\/93b2fb49a03bd7a57b5f5e8c3b740113f14f25da86b090887d9353672de2d9b5?s=96&d=mm&r=g\",\"contentUrl\":\"https:\\\/\\\/secure.gravatar.com\\\/avatar\\\/93b2fb49a03bd7a57b5f5e8c3b740113f14f25da86b090887d9353672de2d9b5?s=96&d=mm&r=g\",\"caption\":\"Comunicaci\u00f3n Motif\"},\"url\":\"https:\\\/\\\/www.motif.es\\\/blog\\\/author\\\/comunicacion\\\/\"}]}<\/script>\n<!-- \/ Yoast SEO plugin. -->","yoast_head_json":{"title":"\u00bfAlfombras vin\u00edlicas para el \u2018D\u00eda del padre\u2019? Por supuesto - Blog Motif","description":"Como cada a\u00f1o, el 19 de marzo se celebra en toda Espa\u00f1a el d\u00eda del padre, y mam\u00e1s e hijos, buscan la mejor manera de decirle que es el mejor y agradecerle","robots":{"index":"index","follow":"follow","max-snippet":"max-snippet:-1","max-image-preview":"max-image-preview:large","max-video-preview":"max-video-preview:-1"},"canonical":"https:\/\/www.motif.es\/blog\/alfombras-vinilicas-para-el-dia-del-padre-por-supuesto\/","og_locale":"es_ES","og_type":"article","og_title":"\u00bfAlfombras vin\u00edlicas para el \u2018D\u00eda del padre\u2019? Por supuesto - Blog Motif","og_description":"Como cada a\u00f1o, el 19 de marzo se celebra en toda Espa\u00f1a el d\u00eda del padre, y mam\u00e1s e hijos, buscan la mejor manera de decirle que es el mejor y agradecerle","og_url":"https:\/\/www.motif.es\/blog\/alfombras-vinilicas-para-el-dia-del-padre-por-supuesto\/","og_site_name":"Blog Motif","article_publisher":"https:\/\/www.facebook.com\/motifmorethanwalls\/","article_published_time":"2021-03-02T16:31:11+00:00","article_modified_time":"2021-03-03T16:36:16+00:00","og_image":[{"width":1136,"height":946,"url":"https:\/\/www.motif.es\/blog\/wp-content\/uploads\/2021\/03\/mejor-padre.jpg","type":"image\/jpeg"}],"author":"Comunicaci\u00f3n Motif","twitter_card":"summary_large_image","twitter_misc":{"Escrito por":"Comunicaci\u00f3n Motif","Tiempo de lectura":"2 minutos"},"schema":{"@context":"https:\/\/schema.org","@graph":[{"@type":"Article","@id":"https:\/\/www.motif.es\/blog\/alfombras-vinilicas-para-el-dia-del-padre-por-supuesto\/#article","isPartOf":{"@id":"https:\/\/www.motif.es\/blog\/alfombras-vinilicas-para-el-dia-del-padre-por-supuesto\/"},"author":{"name":"Comunicaci\u00f3n Motif","@id":"https:\/\/www.motif.es\/blog\/#\/schema\/person\/aac26ed80d8e02fb9525ec6b569d75e9"},"headline":"\u00bfAlfombras vin\u00edlicas para el \u2018D\u00eda del padre\u2019? Por supuesto","datePublished":"2021-03-02T16:31:11+00:00","dateModified":"2021-03-03T16:36:16+00:00","mainEntityOfPage":{"@id":"https:\/\/www.motif.es\/blog\/alfombras-vinilicas-para-el-dia-del-padre-por-supuesto\/"},"wordCount":441,"commentCount":0,"publisher":{"@id":"https:\/\/www.motif.es\/blog\/#organization"},"image":{"@id":"https:\/\/www.motif.es\/blog\/alfombras-vinilicas-para-el-dia-del-padre-por-supuesto\/#primaryimage"},"thumbnailUrl":"https:\/\/www.motif.es\/blog\/wp-content\/uploads\/2021\/03\/mejor-padre.jpg","articleSection":["insp\u00edrate","sobre alfombras vin\u00edlicas"],"inLanguage":"es","potentialAction":[{"@type":"CommentAction","name":"Comment","target":["https:\/\/www.motif.es\/blog\/alfombras-vinilicas-para-el-dia-del-padre-por-supuesto\/#respond"]}]},{"@type":"WebPage","@id":"https:\/\/www.motif.es\/blog\/alfombras-vinilicas-para-el-dia-del-padre-por-supuesto\/","url":"https:\/\/www.motif.es\/blog\/alfombras-vinilicas-para-el-dia-del-padre-por-supuesto\/","name":"\u00bfAlfombras vin\u00edlicas para el \u2018D\u00eda del padre\u2019? Por supuesto - Blog Motif","isPartOf":{"@id":"https:\/\/www.motif.es\/blog\/#website"},"primaryImageOfPage":{"@id":"https:\/\/www.motif.es\/blog\/alfombras-vinilicas-para-el-dia-del-padre-por-supuesto\/#primaryimage"},"image":{"@id":"https:\/\/www.motif.es\/blog\/alfombras-vinilicas-para-el-dia-del-padre-por-supuesto\/#primaryimage"},"thumbnailUrl":"https:\/\/www.motif.es\/blog\/wp-content\/uploads\/2021\/03\/mejor-padre.jpg","datePublished":"2021-03-02T16:31:11+00:00","dateModified":"2021-03-03T16:36:16+00:00","description":"Como cada a\u00f1o, el 19 de marzo se celebra en toda Espa\u00f1a el d\u00eda del padre, y mam\u00e1s e hijos, buscan la mejor manera de decirle que es el mejor y agradecerle","breadcrumb":{"@id":"https:\/\/www.motif.es\/blog\/alfombras-vinilicas-para-el-dia-del-padre-por-supuesto\/#breadcrumb"},"inLanguage":"es","potentialAction":[{"@type":"ReadAction","target":["https:\/\/www.motif.es\/blog\/alfombras-vinilicas-para-el-dia-del-padre-por-supuesto\/"]}]},{"@type":"ImageObject","inLanguage":"es","@id":"https:\/\/www.motif.es\/blog\/alfombras-vinilicas-para-el-dia-del-padre-por-supuesto\/#primaryimage","url":"https:\/\/www.motif.es\/blog\/wp-content\/uploads\/2021\/03\/mejor-padre.jpg","contentUrl":"https:\/\/www.motif.es\/blog\/wp-content\/uploads\/2021\/03\/mejor-padre.jpg","width":1136,"height":946},{"@type":"BreadcrumbList","@id":"https:\/\/www.motif.es\/blog\/alfombras-vinilicas-para-el-dia-del-padre-por-supuesto\/#breadcrumb","itemListElement":[{"@type":"ListItem","position":1,"name":"Blog","item":"https:\/\/www.motif.es\/blog\/"},{"@type":"ListItem","position":2,"name":"sobre alfombras vin\u00edlicas","item":"https:\/\/www.motif.es\/blog\/category\/sobre-alfombras-vinilicas\/"},{"@type":"ListItem","position":3,"name":"\u00bfAlfombras vin\u00edlicas para el \u2018D\u00eda del padre\u2019? Por supuesto"}]},{"@type":"WebSite","@id":"https:\/\/www.motif.es\/blog\/#website","url":"https:\/\/www.motif.es\/blog\/","name":"Blog Motif","description":"nuestro rinc\u00f3n para inspirarte","publisher":{"@id":"https:\/\/www.motif.es\/blog\/#organization"},"potentialAction":[{"@type":"SearchAction","target":{"@type":"EntryPoint","urlTemplate":"https:\/\/www.motif.es\/blog\/?s={search_term_string}"},"query-input":{"@type":"PropertyValueSpecification","valueRequired":true,"valueName":"search_term_string"}}],"inLanguage":"es"},{"@type":"Organization","@id":"https:\/\/www.motif.es\/blog\/#organization","name":"Motif Wallpapers S.L.U.","url":"https:\/\/www.motif.es\/blog\/","logo":{"@type":"ImageObject","inLanguage":"es","@id":"https:\/\/www.motif.es\/blog\/#\/schema\/logo\/image\/","url":"https:\/\/motif.es\/blog\/wp-content\/uploads\/2021\/06\/logo-motif.jpg","contentUrl":"https:\/\/motif.es\/blog\/wp-content\/uploads\/2021\/06\/logo-motif.jpg","width":464,"height":464,"caption":"Motif Wallpapers S.L.U."},"image":{"@id":"https:\/\/www.motif.es\/blog\/#\/schema\/logo\/image\/"},"sameAs":["https:\/\/www.facebook.com\/motifmorethanwalls\/","https:\/\/www.instagram.com\/motif_es\/?hl=es","https:\/\/www.pinterest.es\/motifwallpapers\/","https:\/\/www.youtube.com\/channel\/UCNaOmbxD6LjcQNj4vmfVIUg"]},{"@type":"Person","@id":"https:\/\/www.motif.es\/blog\/#\/schema\/person\/aac26ed80d8e02fb9525ec6b569d75e9","name":"Comunicaci\u00f3n Motif","image":{"@type":"ImageObject","inLanguage":"es","@id":"https:\/\/secure.gravatar.com\/avatar\/93b2fb49a03bd7a57b5f5e8c3b740113f14f25da86b090887d9353672de2d9b5?s=96&d=mm&r=g","url":"https:\/\/secure.gravatar.com\/avatar\/93b2fb49a03bd7a57b5f5e8c3b740113f14f25da86b090887d9353672de2d9b5?s=96&d=mm&r=g","contentUrl":"https:\/\/secure.gravatar.com\/avatar\/93b2fb49a03bd7a57b5f5e8c3b740113f14f25da86b090887d9353672de2d9b5?s=96&d=mm&r=g","caption":"Comunicaci\u00f3n Motif"},"url":"https:\/\/www.motif.es\/blog\/author\/comunicacion\/"}]}},"_links":{"self":[{"href":"https:\/\/www.motif.es\/blog\/wp-json\/wp\/v2\/posts\/633","targetHints":{"allow":["GET"]}}],"collection":[{"href":"https:\/\/www.motif.es\/blog\/wp-json\/wp\/v2\/posts"}],"about":[{"href":"https:\/\/www.motif.es\/blog\/wp-json\/wp\/v2\/types\/post"}],"author":[{"embeddable":true,"href":"https:\/\/www.motif.es\/blog\/wp-json\/wp\/v2\/users\/2"}],"replies":[{"embeddable":true,"href":"https:\/\/www.motif.es\/blog\/wp-json\/wp\/v2\/comments?post=633"}],"version-history":[{"count":1,"href":"https:\/\/www.motif.es\/blog\/wp-json\/wp\/v2\/posts\/633\/revisions"}],"predecessor-version":[{"id":639,"href":"https:\/\/www.motif.es\/blog\/wp-json\/wp\/v2\/posts\/633\/revisions\/639"}],"wp:featuredmedia":[{"embeddable":true,"href":"https:\/\/www.motif.es\/blog\/wp-json\/wp\/v2\/media\/634"}],"wp:attachment":[{"href":"https:\/\/www.motif.es\/blog\/wp-json\/wp\/v2\/media?parent=633"}],"wp:term":[{"taxonomy":"category","embeddable":true,"href":"https:\/\/www.motif.es\/blog\/wp-json\/wp\/v2\/categories?post=633"},{"taxonomy":"post_tag","embeddable":true,"href":"https:\/\/www.motif.es\/blog\/wp-json\/wp\/v2\/tags?post=633"}],"curies":[{"name":"wp","href":"https:\/\/api.w.org\/{rel}","templated":true}]}}