{"id":732,"date":"2021-05-18T11:03:31","date_gmt":"2021-05-18T11:03:31","guid":{"rendered":"https:\/\/motif.es\/blog\/?p=732"},"modified":"2021-09-08T10:13:52","modified_gmt":"2021-09-08T10:13:52","slug":"eres-profesional-y-buscas-quien-te-ayude-a-hacer-tu-sueno-de-tener-tu-propio-papel-autoadhesivo","status":"publish","type":"post","link":"https:\/\/www.motif.es\/blog\/eres-profesional-y-buscas-quien-te-ayude-a-hacer-tu-sueno-de-tener-tu-propio-papel-autoadhesivo\/","title":{"rendered":"\u00bfEres profesional y buscas qui\u00e9n te ayude a hacer realidad tu sue\u00f1o de tener tu propio papel autoadhesivo?"},"content":{"rendered":"<p>Ya son muchos los interioristas que contactan con nosotros con la idea de <strong>conseguir un papel autoadhesivo o un mural<\/strong>, que sea propio, que no hayan tenido otros compa\u00f1eros de profesi\u00f3n y que haga que sus clientes se sientan como son, exclusivos.<\/p>\n<h5><strong>\u00bfEs tu caso?<\/strong><\/h5>\n<p>Pues tenemos buenas noticias para ti porque en MOTIF podemos ayudarte a sacar adelante esa idea que llevas tanto tiempo en mente. Contamos con los medios, con el equipo y con la experiencia para conseguir hacer realidad este sue\u00f1o.<\/p>\n<h5><strong>\u00bfC\u00f3mo?<\/strong><\/h5>\n<p>Lo primero que tienes que hacer es contactar con nosotros a trav\u00e9s del correo electr\u00f3nico <a href=\"mailto:hola@motif.es\">hola@motif.es<\/a>. Desde all\u00ed puede contarnos la idea que tienes en mente para la que nosotros crearemos un presupuesto personalizado para ti.<\/p>\n<p style=\"text-align: center;\"><img loading=\"lazy\" decoding=\"async\" class=\"alignnone size-full wp-image-733\" src=\"https:\/\/motif.es\/blog\/wp-content\/uploads\/2021\/06\/papel-el-llagar-disenos-para-profesionales-decoracion.jpg\" alt=\"\" width=\"1000\" height=\"1000\" srcset=\"https:\/\/www.motif.es\/blog\/wp-content\/uploads\/2021\/06\/papel-el-llagar-disenos-para-profesionales-decoracion.jpg 1000w, https:\/\/www.motif.es\/blog\/wp-content\/uploads\/2021\/06\/papel-el-llagar-disenos-para-profesionales-decoracion-300x300.jpg 300w, https:\/\/www.motif.es\/blog\/wp-content\/uploads\/2021\/06\/papel-el-llagar-disenos-para-profesionales-decoracion-150x150.jpg 150w, https:\/\/www.motif.es\/blog\/wp-content\/uploads\/2021\/06\/papel-el-llagar-disenos-para-profesionales-decoracion-768x768.jpg 768w, https:\/\/www.motif.es\/blog\/wp-content\/uploads\/2021\/06\/papel-el-llagar-disenos-para-profesionales-decoracion-400x400.jpg 400w, https:\/\/www.motif.es\/blog\/wp-content\/uploads\/2021\/06\/papel-el-llagar-disenos-para-profesionales-decoracion-96x96.jpg 96w\" sizes=\"auto, (max-width: 1000px) 100vw, 1000px\" \/><\/p>\n<p style=\"text-align: center;\"><em>Papel Autoadhesivo \u2018 en el llagar\u2019 de la colecci\u00f3n Mar Vidal<\/em><\/p>\n<p>Si hay algo de lo que disfrutamos es de conocer de primera mano <strong>vuestros proyectos de decoraci\u00f3n e interiorismo<\/strong> adem\u00e1s de acompa\u00f1aros desde cero en el proceso de creaci\u00f3n del mismo.<\/p>\n<p>Una vez ya nos hayamos puesto en contacto y de acuerdo, empezar\u00eda el proyecto creativo que generalmente consta de las siguientes etapas:<\/p>\n<ol>\n<li>Bocetaje del papel o mural.<\/li>\n<li>Elecci\u00f3n del color, es decir, de la gama crom\u00e1tica del papel, como de la estancia.<\/li>\n<li>Digitalizaci\u00f3n y tratamiento de la imagen.<\/li>\n<li>Y finalmente el dise\u00f1o final.<\/li>\n<\/ol>\n<p>Ahora solo queda recibirlo y colocarlo en el que ser\u00e1 su hogar por mucho tiempo.<\/p>\n<p style=\"text-align: center;\"><img loading=\"lazy\" decoding=\"async\" class=\"alignnone size-full wp-image-734\" src=\"https:\/\/motif.es\/blog\/wp-content\/uploads\/2021\/06\/disenos-para-profesionales-papeles-pintados-decoradores.jpg\" alt=\"\" width=\"570\" height=\"380\" srcset=\"https:\/\/www.motif.es\/blog\/wp-content\/uploads\/2021\/06\/disenos-para-profesionales-papeles-pintados-decoradores.jpg 570w, https:\/\/www.motif.es\/blog\/wp-content\/uploads\/2021\/06\/disenos-para-profesionales-papeles-pintados-decoradores-300x200.jpg 300w\" sizes=\"auto, (max-width: 570px) 100vw, 570px\" \/><\/p>\n<p>\u00bfHablamos?<\/p>\n","protected":false},"excerpt":{"rendered":"<p>Ya son muchos los interioristas que contactan con nosotros con la idea de conseguir un papel autoadhesivo o un mural, que sea propio, que no hayan tenido otros compa\u00f1eros de profesi\u00f3n y que haga que sus clientes se sientan como son, exclusivos. \u00bfEs tu caso? Pues tenemos buenas noticias para ti porque en MOTIF podemos [&#8230;]<\/p>\n","protected":false},"author":2,"featured_media":733,"comment_status":"open","ping_status":"open","sticky":false,"template":"","format":"standard","meta":{"_acf_changed":false,"footnotes":""},"categories":[18,4,6,5],"tags":[],"class_list":["post-732","post","type-post","status-publish","format-standard","has-post-thumbnail","hentry","category-interioristas","category-sobre-murales-autoadhesivos","category-sobre-papeles-para-pared-autoadhesivos","category-sobre-papeles-pintados"],"acf":[],"yoast_head":"<!-- This site is optimized with the Yoast SEO plugin v27.5 - https:\/\/yoast.com\/product\/yoast-seo-wordpress\/ -->\n<title>\u00bfEres profesional y buscas qui\u00e9n te ayude a hacer realidad tu sue\u00f1o de tener tu propio papel autoadhesivo? - Blog Motif<\/title>\n<meta name=\"description\" content=\"Ya son muchos los interioristas que contactan con nosotros con la idea de conseguir un papel autoadhesivo o un mural, que sea propio, que no hayan tenido\" \/>\n<meta name=\"robots\" content=\"index, follow, max-snippet:-1, max-image-preview:large, max-video-preview:-1\" \/>\n<link rel=\"canonical\" href=\"https:\/\/www.motif.es\/blog\/eres-profesional-y-buscas-quien-te-ayude-a-hacer-tu-sueno-de-tener-tu-propio-papel-autoadhesivo\/\" \/>\n<meta property=\"og:locale\" content=\"es_ES\" \/>\n<meta property=\"og:type\" content=\"article\" \/>\n<meta property=\"og:title\" content=\"\u00bfEres profesional y buscas qui\u00e9n te ayude a hacer realidad tu sue\u00f1o de tener tu propio papel autoadhesivo? - Blog Motif\" \/>\n<meta property=\"og:description\" content=\"Ya son muchos los interioristas que contactan con nosotros con la idea de conseguir un papel autoadhesivo o un mural, que sea propio, que no hayan tenido\" \/>\n<meta property=\"og:url\" content=\"https:\/\/www.motif.es\/blog\/eres-profesional-y-buscas-quien-te-ayude-a-hacer-tu-sueno-de-tener-tu-propio-papel-autoadhesivo\/\" \/>\n<meta property=\"og:site_name\" content=\"Blog Motif\" \/>\n<meta property=\"article:publisher\" content=\"https:\/\/www.facebook.com\/motifmorethanwalls\/\" \/>\n<meta property=\"article:published_time\" content=\"2021-05-18T11:03:31+00:00\" \/>\n<meta property=\"article:modified_time\" content=\"2021-09-08T10:13:52+00:00\" \/>\n<meta property=\"og:image\" content=\"https:\/\/www.motif.es\/blog\/wp-content\/uploads\/2021\/06\/papel-el-llagar-disenos-para-profesionales-decoracion.jpg\" \/>\n\t<meta property=\"og:image:width\" content=\"1000\" \/>\n\t<meta property=\"og:image:height\" content=\"1000\" \/>\n\t<meta property=\"og:image:type\" content=\"image\/jpeg\" \/>\n<meta name=\"author\" content=\"Comunicaci\u00f3n Motif\" \/>\n<meta name=\"twitter:card\" content=\"summary_large_image\" \/>\n<meta name=\"twitter:label1\" content=\"Escrito por\" \/>\n\t<meta name=\"twitter:data1\" content=\"Comunicaci\u00f3n Motif\" \/>\n\t<meta name=\"twitter:label2\" content=\"Tiempo de lectura\" \/>\n\t<meta name=\"twitter:data2\" content=\"1 minuto\" \/>\n<script type=\"application\/ld+json\" class=\"yoast-schema-graph\">{\"@context\":\"https:\\\/\\\/schema.org\",\"@graph\":[{\"@type\":\"Article\",\"@id\":\"https:\\\/\\\/www.motif.es\\\/blog\\\/eres-profesional-y-buscas-quien-te-ayude-a-hacer-tu-sueno-de-tener-tu-propio-papel-autoadhesivo\\\/#article\",\"isPartOf\":{\"@id\":\"https:\\\/\\\/www.motif.es\\\/blog\\\/eres-profesional-y-buscas-quien-te-ayude-a-hacer-tu-sueno-de-tener-tu-propio-papel-autoadhesivo\\\/\"},\"author\":{\"name\":\"Comunicaci\u00f3n Motif\",\"@id\":\"https:\\\/\\\/www.motif.es\\\/blog\\\/#\\\/schema\\\/person\\\/aac26ed80d8e02fb9525ec6b569d75e9\"},\"headline\":\"\u00bfEres profesional y buscas qui\u00e9n te ayude a hacer realidad tu sue\u00f1o de tener tu propio papel autoadhesivo?\",\"datePublished\":\"2021-05-18T11:03:31+00:00\",\"dateModified\":\"2021-09-08T10:13:52+00:00\",\"mainEntityOfPage\":{\"@id\":\"https:\\\/\\\/www.motif.es\\\/blog\\\/eres-profesional-y-buscas-quien-te-ayude-a-hacer-tu-sueno-de-tener-tu-propio-papel-autoadhesivo\\\/\"},\"wordCount\":269,\"commentCount\":0,\"publisher\":{\"@id\":\"https:\\\/\\\/www.motif.es\\\/blog\\\/#organization\"},\"image\":{\"@id\":\"https:\\\/\\\/www.motif.es\\\/blog\\\/eres-profesional-y-buscas-quien-te-ayude-a-hacer-tu-sueno-de-tener-tu-propio-papel-autoadhesivo\\\/#primaryimage\"},\"thumbnailUrl\":\"https:\\\/\\\/www.motif.es\\\/blog\\\/wp-content\\\/uploads\\\/2021\\\/06\\\/papel-el-llagar-disenos-para-profesionales-decoracion.jpg\",\"articleSection\":[\"interioristas\",\"sobre murales autoadhesivos\",\"sobre papeles para pared autoadhesivos\",\"sobre papeles pintados\"],\"inLanguage\":\"es\",\"potentialAction\":[{\"@type\":\"CommentAction\",\"name\":\"Comment\",\"target\":[\"https:\\\/\\\/www.motif.es\\\/blog\\\/eres-profesional-y-buscas-quien-te-ayude-a-hacer-tu-sueno-de-tener-tu-propio-papel-autoadhesivo\\\/#respond\"]}]},{\"@type\":\"WebPage\",\"@id\":\"https:\\\/\\\/www.motif.es\\\/blog\\\/eres-profesional-y-buscas-quien-te-ayude-a-hacer-tu-sueno-de-tener-tu-propio-papel-autoadhesivo\\\/\",\"url\":\"https:\\\/\\\/www.motif.es\\\/blog\\\/eres-profesional-y-buscas-quien-te-ayude-a-hacer-tu-sueno-de-tener-tu-propio-papel-autoadhesivo\\\/\",\"name\":\"\u00bfEres profesional y buscas qui\u00e9n te ayude a hacer realidad tu sue\u00f1o de tener tu propio papel autoadhesivo? - Blog Motif\",\"isPartOf\":{\"@id\":\"https:\\\/\\\/www.motif.es\\\/blog\\\/#website\"},\"primaryImageOfPage\":{\"@id\":\"https:\\\/\\\/www.motif.es\\\/blog\\\/eres-profesional-y-buscas-quien-te-ayude-a-hacer-tu-sueno-de-tener-tu-propio-papel-autoadhesivo\\\/#primaryimage\"},\"image\":{\"@id\":\"https:\\\/\\\/www.motif.es\\\/blog\\\/eres-profesional-y-buscas-quien-te-ayude-a-hacer-tu-sueno-de-tener-tu-propio-papel-autoadhesivo\\\/#primaryimage\"},\"thumbnailUrl\":\"https:\\\/\\\/www.motif.es\\\/blog\\\/wp-content\\\/uploads\\\/2021\\\/06\\\/papel-el-llagar-disenos-para-profesionales-decoracion.jpg\",\"datePublished\":\"2021-05-18T11:03:31+00:00\",\"dateModified\":\"2021-09-08T10:13:52+00:00\",\"description\":\"Ya son muchos los interioristas que contactan con nosotros con la idea de conseguir un papel autoadhesivo o un mural, que sea propio, que no hayan tenido\",\"breadcrumb\":{\"@id\":\"https:\\\/\\\/www.motif.es\\\/blog\\\/eres-profesional-y-buscas-quien-te-ayude-a-hacer-tu-sueno-de-tener-tu-propio-papel-autoadhesivo\\\/#breadcrumb\"},\"inLanguage\":\"es\",\"potentialAction\":[{\"@type\":\"ReadAction\",\"target\":[\"https:\\\/\\\/www.motif.es\\\/blog\\\/eres-profesional-y-buscas-quien-te-ayude-a-hacer-tu-sueno-de-tener-tu-propio-papel-autoadhesivo\\\/\"]}]},{\"@type\":\"ImageObject\",\"inLanguage\":\"es\",\"@id\":\"https:\\\/\\\/www.motif.es\\\/blog\\\/eres-profesional-y-buscas-quien-te-ayude-a-hacer-tu-sueno-de-tener-tu-propio-papel-autoadhesivo\\\/#primaryimage\",\"url\":\"https:\\\/\\\/www.motif.es\\\/blog\\\/wp-content\\\/uploads\\\/2021\\\/06\\\/papel-el-llagar-disenos-para-profesionales-decoracion.jpg\",\"contentUrl\":\"https:\\\/\\\/www.motif.es\\\/blog\\\/wp-content\\\/uploads\\\/2021\\\/06\\\/papel-el-llagar-disenos-para-profesionales-decoracion.jpg\",\"width\":1000,\"height\":1000},{\"@type\":\"BreadcrumbList\",\"@id\":\"https:\\\/\\\/www.motif.es\\\/blog\\\/eres-profesional-y-buscas-quien-te-ayude-a-hacer-tu-sueno-de-tener-tu-propio-papel-autoadhesivo\\\/#breadcrumb\",\"itemListElement\":[{\"@type\":\"ListItem\",\"position\":1,\"name\":\"Blog\",\"item\":\"https:\\\/\\\/www.motif.es\\\/blog\\\/\"},{\"@type\":\"ListItem\",\"position\":2,\"name\":\"sobre papeles para pared autoadhesivos\",\"item\":\"https:\\\/\\\/www.motif.es\\\/blog\\\/category\\\/sobre-papeles-para-pared-autoadhesivos\\\/\"},{\"@type\":\"ListItem\",\"position\":3,\"name\":\"\u00bfEres profesional y buscas qui\u00e9n te ayude a hacer realidad tu sue\u00f1o de tener tu propio papel autoadhesivo?\"}]},{\"@type\":\"WebSite\",\"@id\":\"https:\\\/\\\/www.motif.es\\\/blog\\\/#website\",\"url\":\"https:\\\/\\\/www.motif.es\\\/blog\\\/\",\"name\":\"Blog Motif\",\"description\":\"nuestro rinc\u00f3n para inspirarte\",\"publisher\":{\"@id\":\"https:\\\/\\\/www.motif.es\\\/blog\\\/#organization\"},\"potentialAction\":[{\"@type\":\"SearchAction\",\"target\":{\"@type\":\"EntryPoint\",\"urlTemplate\":\"https:\\\/\\\/www.motif.es\\\/blog\\\/?s={search_term_string}\"},\"query-input\":{\"@type\":\"PropertyValueSpecification\",\"valueRequired\":true,\"valueName\":\"search_term_string\"}}],\"inLanguage\":\"es\"},{\"@type\":\"Organization\",\"@id\":\"https:\\\/\\\/www.motif.es\\\/blog\\\/#organization\",\"name\":\"Motif Wallpapers S.L.U.\",\"url\":\"https:\\\/\\\/www.motif.es\\\/blog\\\/\",\"logo\":{\"@type\":\"ImageObject\",\"inLanguage\":\"es\",\"@id\":\"https:\\\/\\\/www.motif.es\\\/blog\\\/#\\\/schema\\\/logo\\\/image\\\/\",\"url\":\"https:\\\/\\\/motif.es\\\/blog\\\/wp-content\\\/uploads\\\/2021\\\/06\\\/logo-motif.jpg\",\"contentUrl\":\"https:\\\/\\\/motif.es\\\/blog\\\/wp-content\\\/uploads\\\/2021\\\/06\\\/logo-motif.jpg\",\"width\":464,\"height\":464,\"caption\":\"Motif Wallpapers S.L.U.\"},\"image\":{\"@id\":\"https:\\\/\\\/www.motif.es\\\/blog\\\/#\\\/schema\\\/logo\\\/image\\\/\"},\"sameAs\":[\"https:\\\/\\\/www.facebook.com\\\/motifmorethanwalls\\\/\",\"https:\\\/\\\/www.instagram.com\\\/motif_es\\\/?hl=es\",\"https:\\\/\\\/www.pinterest.es\\\/motifwallpapers\\\/\",\"https:\\\/\\\/www.youtube.com\\\/channel\\\/UCNaOmbxD6LjcQNj4vmfVIUg\"]},{\"@type\":\"Person\",\"@id\":\"https:\\\/\\\/www.motif.es\\\/blog\\\/#\\\/schema\\\/person\\\/aac26ed80d8e02fb9525ec6b569d75e9\",\"name\":\"Comunicaci\u00f3n Motif\",\"image\":{\"@type\":\"ImageObject\",\"inLanguage\":\"es\",\"@id\":\"https:\\\/\\\/secure.gravatar.com\\\/avatar\\\/93b2fb49a03bd7a57b5f5e8c3b740113f14f25da86b090887d9353672de2d9b5?s=96&d=mm&r=g\",\"url\":\"https:\\\/\\\/secure.gravatar.com\\\/avatar\\\/93b2fb49a03bd7a57b5f5e8c3b740113f14f25da86b090887d9353672de2d9b5?s=96&d=mm&r=g\",\"contentUrl\":\"https:\\\/\\\/secure.gravatar.com\\\/avatar\\\/93b2fb49a03bd7a57b5f5e8c3b740113f14f25da86b090887d9353672de2d9b5?s=96&d=mm&r=g\",\"caption\":\"Comunicaci\u00f3n Motif\"},\"url\":\"https:\\\/\\\/www.motif.es\\\/blog\\\/author\\\/comunicacion\\\/\"}]}<\/script>\n<!-- \/ Yoast SEO plugin. -->","yoast_head_json":{"title":"\u00bfEres profesional y buscas qui\u00e9n te ayude a hacer realidad tu sue\u00f1o de tener tu propio papel autoadhesivo? - Blog Motif","description":"Ya son muchos los interioristas que contactan con nosotros con la idea de conseguir un papel autoadhesivo o un mural, que sea propio, que no hayan tenido","robots":{"index":"index","follow":"follow","max-snippet":"max-snippet:-1","max-image-preview":"max-image-preview:large","max-video-preview":"max-video-preview:-1"},"canonical":"https:\/\/www.motif.es\/blog\/eres-profesional-y-buscas-quien-te-ayude-a-hacer-tu-sueno-de-tener-tu-propio-papel-autoadhesivo\/","og_locale":"es_ES","og_type":"article","og_title":"\u00bfEres profesional y buscas qui\u00e9n te ayude a hacer realidad tu sue\u00f1o de tener tu propio papel autoadhesivo? - Blog Motif","og_description":"Ya son muchos los interioristas que contactan con nosotros con la idea de conseguir un papel autoadhesivo o un mural, que sea propio, que no hayan tenido","og_url":"https:\/\/www.motif.es\/blog\/eres-profesional-y-buscas-quien-te-ayude-a-hacer-tu-sueno-de-tener-tu-propio-papel-autoadhesivo\/","og_site_name":"Blog Motif","article_publisher":"https:\/\/www.facebook.com\/motifmorethanwalls\/","article_published_time":"2021-05-18T11:03:31+00:00","article_modified_time":"2021-09-08T10:13:52+00:00","og_image":[{"width":1000,"height":1000,"url":"https:\/\/www.motif.es\/blog\/wp-content\/uploads\/2021\/06\/papel-el-llagar-disenos-para-profesionales-decoracion.jpg","type":"image\/jpeg"}],"author":"Comunicaci\u00f3n Motif","twitter_card":"summary_large_image","twitter_misc":{"Escrito por":"Comunicaci\u00f3n Motif","Tiempo de lectura":"1 minuto"},"schema":{"@context":"https:\/\/schema.org","@graph":[{"@type":"Article","@id":"https:\/\/www.motif.es\/blog\/eres-profesional-y-buscas-quien-te-ayude-a-hacer-tu-sueno-de-tener-tu-propio-papel-autoadhesivo\/#article","isPartOf":{"@id":"https:\/\/www.motif.es\/blog\/eres-profesional-y-buscas-quien-te-ayude-a-hacer-tu-sueno-de-tener-tu-propio-papel-autoadhesivo\/"},"author":{"name":"Comunicaci\u00f3n Motif","@id":"https:\/\/www.motif.es\/blog\/#\/schema\/person\/aac26ed80d8e02fb9525ec6b569d75e9"},"headline":"\u00bfEres profesional y buscas qui\u00e9n te ayude a hacer realidad tu sue\u00f1o de tener tu propio papel autoadhesivo?","datePublished":"2021-05-18T11:03:31+00:00","dateModified":"2021-09-08T10:13:52+00:00","mainEntityOfPage":{"@id":"https:\/\/www.motif.es\/blog\/eres-profesional-y-buscas-quien-te-ayude-a-hacer-tu-sueno-de-tener-tu-propio-papel-autoadhesivo\/"},"wordCount":269,"commentCount":0,"publisher":{"@id":"https:\/\/www.motif.es\/blog\/#organization"},"image":{"@id":"https:\/\/www.motif.es\/blog\/eres-profesional-y-buscas-quien-te-ayude-a-hacer-tu-sueno-de-tener-tu-propio-papel-autoadhesivo\/#primaryimage"},"thumbnailUrl":"https:\/\/www.motif.es\/blog\/wp-content\/uploads\/2021\/06\/papel-el-llagar-disenos-para-profesionales-decoracion.jpg","articleSection":["interioristas","sobre murales autoadhesivos","sobre papeles para pared autoadhesivos","sobre papeles pintados"],"inLanguage":"es","potentialAction":[{"@type":"CommentAction","name":"Comment","target":["https:\/\/www.motif.es\/blog\/eres-profesional-y-buscas-quien-te-ayude-a-hacer-tu-sueno-de-tener-tu-propio-papel-autoadhesivo\/#respond"]}]},{"@type":"WebPage","@id":"https:\/\/www.motif.es\/blog\/eres-profesional-y-buscas-quien-te-ayude-a-hacer-tu-sueno-de-tener-tu-propio-papel-autoadhesivo\/","url":"https:\/\/www.motif.es\/blog\/eres-profesional-y-buscas-quien-te-ayude-a-hacer-tu-sueno-de-tener-tu-propio-papel-autoadhesivo\/","name":"\u00bfEres profesional y buscas qui\u00e9n te ayude a hacer realidad tu sue\u00f1o de tener tu propio papel autoadhesivo? - Blog Motif","isPartOf":{"@id":"https:\/\/www.motif.es\/blog\/#website"},"primaryImageOfPage":{"@id":"https:\/\/www.motif.es\/blog\/eres-profesional-y-buscas-quien-te-ayude-a-hacer-tu-sueno-de-tener-tu-propio-papel-autoadhesivo\/#primaryimage"},"image":{"@id":"https:\/\/www.motif.es\/blog\/eres-profesional-y-buscas-quien-te-ayude-a-hacer-tu-sueno-de-tener-tu-propio-papel-autoadhesivo\/#primaryimage"},"thumbnailUrl":"https:\/\/www.motif.es\/blog\/wp-content\/uploads\/2021\/06\/papel-el-llagar-disenos-para-profesionales-decoracion.jpg","datePublished":"2021-05-18T11:03:31+00:00","dateModified":"2021-09-08T10:13:52+00:00","description":"Ya son muchos los interioristas que contactan con nosotros con la idea de conseguir un papel autoadhesivo o un mural, que sea propio, que no hayan tenido","breadcrumb":{"@id":"https:\/\/www.motif.es\/blog\/eres-profesional-y-buscas-quien-te-ayude-a-hacer-tu-sueno-de-tener-tu-propio-papel-autoadhesivo\/#breadcrumb"},"inLanguage":"es","potentialAction":[{"@type":"ReadAction","target":["https:\/\/www.motif.es\/blog\/eres-profesional-y-buscas-quien-te-ayude-a-hacer-tu-sueno-de-tener-tu-propio-papel-autoadhesivo\/"]}]},{"@type":"ImageObject","inLanguage":"es","@id":"https:\/\/www.motif.es\/blog\/eres-profesional-y-buscas-quien-te-ayude-a-hacer-tu-sueno-de-tener-tu-propio-papel-autoadhesivo\/#primaryimage","url":"https:\/\/www.motif.es\/blog\/wp-content\/uploads\/2021\/06\/papel-el-llagar-disenos-para-profesionales-decoracion.jpg","contentUrl":"https:\/\/www.motif.es\/blog\/wp-content\/uploads\/2021\/06\/papel-el-llagar-disenos-para-profesionales-decoracion.jpg","width":1000,"height":1000},{"@type":"BreadcrumbList","@id":"https:\/\/www.motif.es\/blog\/eres-profesional-y-buscas-quien-te-ayude-a-hacer-tu-sueno-de-tener-tu-propio-papel-autoadhesivo\/#breadcrumb","itemListElement":[{"@type":"ListItem","position":1,"name":"Blog","item":"https:\/\/www.motif.es\/blog\/"},{"@type":"ListItem","position":2,"name":"sobre papeles para pared autoadhesivos","item":"https:\/\/www.motif.es\/blog\/category\/sobre-papeles-para-pared-autoadhesivos\/"},{"@type":"ListItem","position":3,"name":"\u00bfEres profesional y buscas qui\u00e9n te ayude a hacer realidad tu sue\u00f1o de tener tu propio papel autoadhesivo?"}]},{"@type":"WebSite","@id":"https:\/\/www.motif.es\/blog\/#website","url":"https:\/\/www.motif.es\/blog\/","name":"Blog Motif","description":"nuestro rinc\u00f3n para inspirarte","publisher":{"@id":"https:\/\/www.motif.es\/blog\/#organization"},"potentialAction":[{"@type":"SearchAction","target":{"@type":"EntryPoint","urlTemplate":"https:\/\/www.motif.es\/blog\/?s={search_term_string}"},"query-input":{"@type":"PropertyValueSpecification","valueRequired":true,"valueName":"search_term_string"}}],"inLanguage":"es"},{"@type":"Organization","@id":"https:\/\/www.motif.es\/blog\/#organization","name":"Motif Wallpapers S.L.U.","url":"https:\/\/www.motif.es\/blog\/","logo":{"@type":"ImageObject","inLanguage":"es","@id":"https:\/\/www.motif.es\/blog\/#\/schema\/logo\/image\/","url":"https:\/\/motif.es\/blog\/wp-content\/uploads\/2021\/06\/logo-motif.jpg","contentUrl":"https:\/\/motif.es\/blog\/wp-content\/uploads\/2021\/06\/logo-motif.jpg","width":464,"height":464,"caption":"Motif Wallpapers S.L.U."},"image":{"@id":"https:\/\/www.motif.es\/blog\/#\/schema\/logo\/image\/"},"sameAs":["https:\/\/www.facebook.com\/motifmorethanwalls\/","https:\/\/www.instagram.com\/motif_es\/?hl=es","https:\/\/www.pinterest.es\/motifwallpapers\/","https:\/\/www.youtube.com\/channel\/UCNaOmbxD6LjcQNj4vmfVIUg"]},{"@type":"Person","@id":"https:\/\/www.motif.es\/blog\/#\/schema\/person\/aac26ed80d8e02fb9525ec6b569d75e9","name":"Comunicaci\u00f3n Motif","image":{"@type":"ImageObject","inLanguage":"es","@id":"https:\/\/secure.gravatar.com\/avatar\/93b2fb49a03bd7a57b5f5e8c3b740113f14f25da86b090887d9353672de2d9b5?s=96&d=mm&r=g","url":"https:\/\/secure.gravatar.com\/avatar\/93b2fb49a03bd7a57b5f5e8c3b740113f14f25da86b090887d9353672de2d9b5?s=96&d=mm&r=g","contentUrl":"https:\/\/secure.gravatar.com\/avatar\/93b2fb49a03bd7a57b5f5e8c3b740113f14f25da86b090887d9353672de2d9b5?s=96&d=mm&r=g","caption":"Comunicaci\u00f3n Motif"},"url":"https:\/\/www.motif.es\/blog\/author\/comunicacion\/"}]}},"_links":{"self":[{"href":"https:\/\/www.motif.es\/blog\/wp-json\/wp\/v2\/posts\/732","targetHints":{"allow":["GET"]}}],"collection":[{"href":"https:\/\/www.motif.es\/blog\/wp-json\/wp\/v2\/posts"}],"about":[{"href":"https:\/\/www.motif.es\/blog\/wp-json\/wp\/v2\/types\/post"}],"author":[{"embeddable":true,"href":"https:\/\/www.motif.es\/blog\/wp-json\/wp\/v2\/users\/2"}],"replies":[{"embeddable":true,"href":"https:\/\/www.motif.es\/blog\/wp-json\/wp\/v2\/comments?post=732"}],"version-history":[{"count":2,"href":"https:\/\/www.motif.es\/blog\/wp-json\/wp\/v2\/posts\/732\/revisions"}],"predecessor-version":[{"id":736,"href":"https:\/\/www.motif.es\/blog\/wp-json\/wp\/v2\/posts\/732\/revisions\/736"}],"wp:featuredmedia":[{"embeddable":true,"href":"https:\/\/www.motif.es\/blog\/wp-json\/wp\/v2\/media\/733"}],"wp:attachment":[{"href":"https:\/\/www.motif.es\/blog\/wp-json\/wp\/v2\/media?parent=732"}],"wp:term":[{"taxonomy":"category","embeddable":true,"href":"https:\/\/www.motif.es\/blog\/wp-json\/wp\/v2\/categories?post=732"},{"taxonomy":"post_tag","embeddable":true,"href":"https:\/\/www.motif.es\/blog\/wp-json\/wp\/v2\/tags?post=732"}],"curies":[{"name":"wp","href":"https:\/\/api.w.org\/{rel}","templated":true}]}}