{"id":737,"date":"2021-05-20T09:04:21","date_gmt":"2021-05-20T09:04:21","guid":{"rendered":"https:\/\/motif.es\/blog\/?p=737"},"modified":"2021-06-10T09:09:45","modified_gmt":"2021-06-10T09:09:45","slug":"puedo-poner-un-vinilo-enfrente-de-la-vitroceramica","status":"publish","type":"post","link":"https:\/\/www.motif.es\/blog\/puedo-poner-un-vinilo-enfrente-de-la-vitroceramica\/","title":{"rendered":"\u00bfPuedo poner un vinilo enfrente de la vitrocer\u00e1mica?"},"content":{"rendered":"<p>Las aplicaciones de nuestros <strong>vinilos para muebles y pared<\/strong>, es una de las que m\u00e1s os sorprende a la vez que es os gusta, y que hace que os hag\u00e1is algunas preguntas que quer\u00e9is resolver antes de decidir si comprarlo. Una de ellas es si se pueden colocar en la pared de enfrente de la vitrocer\u00e1mica o fogones.<\/p>\n<p style=\"text-align: center;\"><img loading=\"lazy\" decoding=\"async\" class=\"alignnone size-full wp-image-738\" src=\"https:\/\/motif.es\/blog\/wp-content\/uploads\/2021\/06\/vinilo-pietra-black.jpg\" alt=\"\" width=\"1000\" height=\"1000\" srcset=\"https:\/\/www.motif.es\/blog\/wp-content\/uploads\/2021\/06\/vinilo-pietra-black.jpg 1000w, https:\/\/www.motif.es\/blog\/wp-content\/uploads\/2021\/06\/vinilo-pietra-black-300x300.jpg 300w, https:\/\/www.motif.es\/blog\/wp-content\/uploads\/2021\/06\/vinilo-pietra-black-150x150.jpg 150w, https:\/\/www.motif.es\/blog\/wp-content\/uploads\/2021\/06\/vinilo-pietra-black-768x768.jpg 768w, https:\/\/www.motif.es\/blog\/wp-content\/uploads\/2021\/06\/vinilo-pietra-black-400x400.jpg 400w, https:\/\/www.motif.es\/blog\/wp-content\/uploads\/2021\/06\/vinilo-pietra-black-96x96.jpg 96w\" sizes=\"auto, (max-width: 1000px) 100vw, 1000px\" \/><\/p>\n<p style=\"text-align: center;\"><em>Vinilo Pietra Black de MOTIF<\/em><\/p>\n<h5>\u00bfPega y aguanta?<\/h5>\n<p>Lo primero que tenemos que tener en cuenta es la temperatura que puede alcanzar la pared debido al calor que se desprende de la cocina y de lo cercana que est\u00e9 la fuente de calor.<\/p>\n<p>Un truco que funciona es, si pones la mano en la pared mientras est\u00e1s cocinando y no te quemas, lo podr\u00e1s poner, si notas que tienes que apartarla, entonces no es recomendable. Pero si a\u00fan as\u00ed, tienes dudas y no tienes claro si el calor es demasiado <strong>para que el vinilo no se estropee<\/strong>, tenemos otra alternativa, optar por elegir una muestra desde la web de MOTIF, pegarla al recibirla y asegurarte de si es o no adecuada para tu pared.<\/p>\n<h5>\u00bfAlgo a tener en cuenta de c\u00f3mo debe ser la pared?<\/h5>\n<p>Una vez comprobado el calor, el siguiente paso es saber si la pared es apta para los vinilos.<\/p>\n<p>Una de las primeras cosas a tener en cuenta es que la pared, antes de <strong>instalar el vinilo<\/strong>, est\u00e9 limpia y seca. L\u00edmpiala bien para que desaparezca cualquier rastro de la grasa que suele recoger esa zona . Cualquier impureza se quedar\u00e1 atrapada entre el vinilo y la superficie y se notara ese \u201cbultito\u201d, o lo que es peor, \u00a0la grasa o el polvo contaminar\u00e1n el adhesivo y har\u00e1 que no pegue.<\/p>\n<p>Y la segunda, es que la pared m\u00e1s adecuada para <strong>colocar un vinilo<\/strong> es que esta sea cuanto m\u00e1s lisa mejor. \u00a1Y s\u00ed, <a href=\"https:\/\/motif.es\/blog\/papel-mural-o-vinilo-para-una-pared-de-azulejos\/\">en azulejos tambi\u00e9n se podr\u00e1 pegar<\/a>! Y si no, mira la foto que nos env\u00edo @anthologiedepapier<\/p>\n<p style=\"text-align: center;\"><img loading=\"lazy\" decoding=\"async\" class=\"alignnone size-full wp-image-739\" src=\"https:\/\/motif.es\/blog\/wp-content\/uploads\/2021\/06\/vinilo-brick-white-old.jpg\" alt=\"\" width=\"1000\" height=\"1000\" srcset=\"https:\/\/www.motif.es\/blog\/wp-content\/uploads\/2021\/06\/vinilo-brick-white-old.jpg 1000w, https:\/\/www.motif.es\/blog\/wp-content\/uploads\/2021\/06\/vinilo-brick-white-old-300x300.jpg 300w, https:\/\/www.motif.es\/blog\/wp-content\/uploads\/2021\/06\/vinilo-brick-white-old-150x150.jpg 150w, https:\/\/www.motif.es\/blog\/wp-content\/uploads\/2021\/06\/vinilo-brick-white-old-768x768.jpg 768w\" sizes=\"auto, (max-width: 1000px) 100vw, 1000px\" \/><\/p>\n<p style=\"text-align: center;\"><em>Vinilo Brick White Old<\/em><\/p>\n<p>Y si pega, \u00bfqu\u00e9 pasa a la hora de limpiarlos?<\/p>\n<p>Vas a poder hacerlo. Otra de las <strong>ventajas de nuestros vinilos<\/strong> es que son f\u00e1ciles de limpiar y muy resistentes. Incluso vas a poder usar productos de limpieza habituales, pero nunca que contengan <a href=\"https:\/\/www.clara.es\/hogar\/productos-limpieza-peligrosos-toxicos_11790\">disolventes<\/a>, porque podr\u00edan \u00a0estropearlos.<\/p>\n<p>&nbsp;<\/p>\n","protected":false},"excerpt":{"rendered":"<p>Las aplicaciones de nuestros vinilos para muebles y pared, es una de las que m\u00e1s os sorprende a la vez que es os gusta, y que hace que os hag\u00e1is algunas preguntas que quer\u00e9is resolver antes de decidir si comprarlo. Una de ellas es si se pueden colocar en la pared de enfrente de la [&#8230;]<\/p>\n","protected":false},"author":2,"featured_media":738,"comment_status":"open","ping_status":"open","sticky":false,"template":"","format":"standard","meta":{"_acf_changed":false,"footnotes":""},"categories":[7],"tags":[],"class_list":["post-737","post","type-post","status-publish","format-standard","has-post-thumbnail","hentry","category-sobre-vinilos-para-muebles"],"acf":[],"yoast_head":"<!-- This site is optimized with the Yoast SEO plugin v27.5 - https:\/\/yoast.com\/product\/yoast-seo-wordpress\/ -->\n<title>\u00bfPuedo poner un vinilo enfrente de la vitrocer\u00e1mica? - Blog Motif<\/title>\n<meta name=\"description\" content=\"Las aplicaciones de nuestros vinilos para muebles y pared, es una de las que m\u00e1s os sorprende a la vez que es os gusta, y que hace que os hag\u00e1is algunas\" \/>\n<meta name=\"robots\" content=\"index, follow, max-snippet:-1, max-image-preview:large, max-video-preview:-1\" \/>\n<link rel=\"canonical\" href=\"https:\/\/www.motif.es\/blog\/puedo-poner-un-vinilo-enfrente-de-la-vitroceramica\/\" \/>\n<meta property=\"og:locale\" content=\"es_ES\" \/>\n<meta property=\"og:type\" content=\"article\" \/>\n<meta property=\"og:title\" content=\"\u00bfPuedo poner un vinilo enfrente de la vitrocer\u00e1mica? - Blog Motif\" \/>\n<meta property=\"og:description\" content=\"Las aplicaciones de nuestros vinilos para muebles y pared, es una de las que m\u00e1s os sorprende a la vez que es os gusta, y que hace que os hag\u00e1is algunas\" \/>\n<meta property=\"og:url\" content=\"https:\/\/www.motif.es\/blog\/puedo-poner-un-vinilo-enfrente-de-la-vitroceramica\/\" \/>\n<meta property=\"og:site_name\" content=\"Blog Motif\" \/>\n<meta property=\"article:publisher\" content=\"https:\/\/www.facebook.com\/motifmorethanwalls\/\" \/>\n<meta property=\"article:published_time\" content=\"2021-05-20T09:04:21+00:00\" \/>\n<meta property=\"article:modified_time\" content=\"2021-06-10T09:09:45+00:00\" \/>\n<meta property=\"og:image\" content=\"https:\/\/www.motif.es\/blog\/wp-content\/uploads\/2021\/06\/vinilo-pietra-black.jpg\" \/>\n\t<meta property=\"og:image:width\" content=\"1000\" \/>\n\t<meta property=\"og:image:height\" content=\"1000\" \/>\n\t<meta property=\"og:image:type\" content=\"image\/jpeg\" \/>\n<meta name=\"author\" content=\"Comunicaci\u00f3n Motif\" \/>\n<meta name=\"twitter:card\" content=\"summary_large_image\" \/>\n<meta name=\"twitter:label1\" content=\"Escrito por\" \/>\n\t<meta name=\"twitter:data1\" content=\"Comunicaci\u00f3n Motif\" \/>\n\t<meta name=\"twitter:label2\" content=\"Tiempo de lectura\" \/>\n\t<meta name=\"twitter:data2\" content=\"2 minutos\" \/>\n<script type=\"application\/ld+json\" class=\"yoast-schema-graph\">{\"@context\":\"https:\\\/\\\/schema.org\",\"@graph\":[{\"@type\":\"Article\",\"@id\":\"https:\\\/\\\/www.motif.es\\\/blog\\\/puedo-poner-un-vinilo-enfrente-de-la-vitroceramica\\\/#article\",\"isPartOf\":{\"@id\":\"https:\\\/\\\/www.motif.es\\\/blog\\\/puedo-poner-un-vinilo-enfrente-de-la-vitroceramica\\\/\"},\"author\":{\"name\":\"Comunicaci\u00f3n Motif\",\"@id\":\"https:\\\/\\\/www.motif.es\\\/blog\\\/#\\\/schema\\\/person\\\/aac26ed80d8e02fb9525ec6b569d75e9\"},\"headline\":\"\u00bfPuedo poner un vinilo enfrente de la vitrocer\u00e1mica?\",\"datePublished\":\"2021-05-20T09:04:21+00:00\",\"dateModified\":\"2021-06-10T09:09:45+00:00\",\"mainEntityOfPage\":{\"@id\":\"https:\\\/\\\/www.motif.es\\\/blog\\\/puedo-poner-un-vinilo-enfrente-de-la-vitroceramica\\\/\"},\"wordCount\":398,\"commentCount\":0,\"publisher\":{\"@id\":\"https:\\\/\\\/www.motif.es\\\/blog\\\/#organization\"},\"image\":{\"@id\":\"https:\\\/\\\/www.motif.es\\\/blog\\\/puedo-poner-un-vinilo-enfrente-de-la-vitroceramica\\\/#primaryimage\"},\"thumbnailUrl\":\"https:\\\/\\\/www.motif.es\\\/blog\\\/wp-content\\\/uploads\\\/2021\\\/06\\\/vinilo-pietra-black.jpg\",\"articleSection\":[\"sobre vinilos para muebles\"],\"inLanguage\":\"es\",\"potentialAction\":[{\"@type\":\"CommentAction\",\"name\":\"Comment\",\"target\":[\"https:\\\/\\\/www.motif.es\\\/blog\\\/puedo-poner-un-vinilo-enfrente-de-la-vitroceramica\\\/#respond\"]}]},{\"@type\":\"WebPage\",\"@id\":\"https:\\\/\\\/www.motif.es\\\/blog\\\/puedo-poner-un-vinilo-enfrente-de-la-vitroceramica\\\/\",\"url\":\"https:\\\/\\\/www.motif.es\\\/blog\\\/puedo-poner-un-vinilo-enfrente-de-la-vitroceramica\\\/\",\"name\":\"\u00bfPuedo poner un vinilo enfrente de la vitrocer\u00e1mica? - Blog Motif\",\"isPartOf\":{\"@id\":\"https:\\\/\\\/www.motif.es\\\/blog\\\/#website\"},\"primaryImageOfPage\":{\"@id\":\"https:\\\/\\\/www.motif.es\\\/blog\\\/puedo-poner-un-vinilo-enfrente-de-la-vitroceramica\\\/#primaryimage\"},\"image\":{\"@id\":\"https:\\\/\\\/www.motif.es\\\/blog\\\/puedo-poner-un-vinilo-enfrente-de-la-vitroceramica\\\/#primaryimage\"},\"thumbnailUrl\":\"https:\\\/\\\/www.motif.es\\\/blog\\\/wp-content\\\/uploads\\\/2021\\\/06\\\/vinilo-pietra-black.jpg\",\"datePublished\":\"2021-05-20T09:04:21+00:00\",\"dateModified\":\"2021-06-10T09:09:45+00:00\",\"description\":\"Las aplicaciones de nuestros vinilos para muebles y pared, es una de las que m\u00e1s os sorprende a la vez que es os gusta, y que hace que os hag\u00e1is algunas\",\"breadcrumb\":{\"@id\":\"https:\\\/\\\/www.motif.es\\\/blog\\\/puedo-poner-un-vinilo-enfrente-de-la-vitroceramica\\\/#breadcrumb\"},\"inLanguage\":\"es\",\"potentialAction\":[{\"@type\":\"ReadAction\",\"target\":[\"https:\\\/\\\/www.motif.es\\\/blog\\\/puedo-poner-un-vinilo-enfrente-de-la-vitroceramica\\\/\"]}]},{\"@type\":\"ImageObject\",\"inLanguage\":\"es\",\"@id\":\"https:\\\/\\\/www.motif.es\\\/blog\\\/puedo-poner-un-vinilo-enfrente-de-la-vitroceramica\\\/#primaryimage\",\"url\":\"https:\\\/\\\/www.motif.es\\\/blog\\\/wp-content\\\/uploads\\\/2021\\\/06\\\/vinilo-pietra-black.jpg\",\"contentUrl\":\"https:\\\/\\\/www.motif.es\\\/blog\\\/wp-content\\\/uploads\\\/2021\\\/06\\\/vinilo-pietra-black.jpg\",\"width\":1000,\"height\":1000},{\"@type\":\"BreadcrumbList\",\"@id\":\"https:\\\/\\\/www.motif.es\\\/blog\\\/puedo-poner-un-vinilo-enfrente-de-la-vitroceramica\\\/#breadcrumb\",\"itemListElement\":[{\"@type\":\"ListItem\",\"position\":1,\"name\":\"Blog\",\"item\":\"https:\\\/\\\/www.motif.es\\\/blog\\\/\"},{\"@type\":\"ListItem\",\"position\":2,\"name\":\"sobre vinilos para muebles\",\"item\":\"https:\\\/\\\/www.motif.es\\\/blog\\\/category\\\/sobre-vinilos-para-muebles\\\/\"},{\"@type\":\"ListItem\",\"position\":3,\"name\":\"\u00bfPuedo poner un vinilo enfrente de la vitrocer\u00e1mica?\"}]},{\"@type\":\"WebSite\",\"@id\":\"https:\\\/\\\/www.motif.es\\\/blog\\\/#website\",\"url\":\"https:\\\/\\\/www.motif.es\\\/blog\\\/\",\"name\":\"Blog Motif\",\"description\":\"nuestro rinc\u00f3n para inspirarte\",\"publisher\":{\"@id\":\"https:\\\/\\\/www.motif.es\\\/blog\\\/#organization\"},\"potentialAction\":[{\"@type\":\"SearchAction\",\"target\":{\"@type\":\"EntryPoint\",\"urlTemplate\":\"https:\\\/\\\/www.motif.es\\\/blog\\\/?s={search_term_string}\"},\"query-input\":{\"@type\":\"PropertyValueSpecification\",\"valueRequired\":true,\"valueName\":\"search_term_string\"}}],\"inLanguage\":\"es\"},{\"@type\":\"Organization\",\"@id\":\"https:\\\/\\\/www.motif.es\\\/blog\\\/#organization\",\"name\":\"Motif Wallpapers S.L.U.\",\"url\":\"https:\\\/\\\/www.motif.es\\\/blog\\\/\",\"logo\":{\"@type\":\"ImageObject\",\"inLanguage\":\"es\",\"@id\":\"https:\\\/\\\/www.motif.es\\\/blog\\\/#\\\/schema\\\/logo\\\/image\\\/\",\"url\":\"https:\\\/\\\/motif.es\\\/blog\\\/wp-content\\\/uploads\\\/2021\\\/06\\\/logo-motif.jpg\",\"contentUrl\":\"https:\\\/\\\/motif.es\\\/blog\\\/wp-content\\\/uploads\\\/2021\\\/06\\\/logo-motif.jpg\",\"width\":464,\"height\":464,\"caption\":\"Motif Wallpapers S.L.U.\"},\"image\":{\"@id\":\"https:\\\/\\\/www.motif.es\\\/blog\\\/#\\\/schema\\\/logo\\\/image\\\/\"},\"sameAs\":[\"https:\\\/\\\/www.facebook.com\\\/motifmorethanwalls\\\/\",\"https:\\\/\\\/www.instagram.com\\\/motif_es\\\/?hl=es\",\"https:\\\/\\\/www.pinterest.es\\\/motifwallpapers\\\/\",\"https:\\\/\\\/www.youtube.com\\\/channel\\\/UCNaOmbxD6LjcQNj4vmfVIUg\"]},{\"@type\":\"Person\",\"@id\":\"https:\\\/\\\/www.motif.es\\\/blog\\\/#\\\/schema\\\/person\\\/aac26ed80d8e02fb9525ec6b569d75e9\",\"name\":\"Comunicaci\u00f3n Motif\",\"image\":{\"@type\":\"ImageObject\",\"inLanguage\":\"es\",\"@id\":\"https:\\\/\\\/secure.gravatar.com\\\/avatar\\\/93b2fb49a03bd7a57b5f5e8c3b740113f14f25da86b090887d9353672de2d9b5?s=96&d=mm&r=g\",\"url\":\"https:\\\/\\\/secure.gravatar.com\\\/avatar\\\/93b2fb49a03bd7a57b5f5e8c3b740113f14f25da86b090887d9353672de2d9b5?s=96&d=mm&r=g\",\"contentUrl\":\"https:\\\/\\\/secure.gravatar.com\\\/avatar\\\/93b2fb49a03bd7a57b5f5e8c3b740113f14f25da86b090887d9353672de2d9b5?s=96&d=mm&r=g\",\"caption\":\"Comunicaci\u00f3n Motif\"},\"url\":\"https:\\\/\\\/www.motif.es\\\/blog\\\/author\\\/comunicacion\\\/\"}]}<\/script>\n<!-- \/ Yoast SEO plugin. -->","yoast_head_json":{"title":"\u00bfPuedo poner un vinilo enfrente de la vitrocer\u00e1mica? - Blog Motif","description":"Las aplicaciones de nuestros vinilos para muebles y pared, es una de las que m\u00e1s os sorprende a la vez que es os gusta, y que hace que os hag\u00e1is algunas","robots":{"index":"index","follow":"follow","max-snippet":"max-snippet:-1","max-image-preview":"max-image-preview:large","max-video-preview":"max-video-preview:-1"},"canonical":"https:\/\/www.motif.es\/blog\/puedo-poner-un-vinilo-enfrente-de-la-vitroceramica\/","og_locale":"es_ES","og_type":"article","og_title":"\u00bfPuedo poner un vinilo enfrente de la vitrocer\u00e1mica? - Blog Motif","og_description":"Las aplicaciones de nuestros vinilos para muebles y pared, es una de las que m\u00e1s os sorprende a la vez que es os gusta, y que hace que os hag\u00e1is algunas","og_url":"https:\/\/www.motif.es\/blog\/puedo-poner-un-vinilo-enfrente-de-la-vitroceramica\/","og_site_name":"Blog Motif","article_publisher":"https:\/\/www.facebook.com\/motifmorethanwalls\/","article_published_time":"2021-05-20T09:04:21+00:00","article_modified_time":"2021-06-10T09:09:45+00:00","og_image":[{"width":1000,"height":1000,"url":"https:\/\/www.motif.es\/blog\/wp-content\/uploads\/2021\/06\/vinilo-pietra-black.jpg","type":"image\/jpeg"}],"author":"Comunicaci\u00f3n Motif","twitter_card":"summary_large_image","twitter_misc":{"Escrito por":"Comunicaci\u00f3n Motif","Tiempo de lectura":"2 minutos"},"schema":{"@context":"https:\/\/schema.org","@graph":[{"@type":"Article","@id":"https:\/\/www.motif.es\/blog\/puedo-poner-un-vinilo-enfrente-de-la-vitroceramica\/#article","isPartOf":{"@id":"https:\/\/www.motif.es\/blog\/puedo-poner-un-vinilo-enfrente-de-la-vitroceramica\/"},"author":{"name":"Comunicaci\u00f3n Motif","@id":"https:\/\/www.motif.es\/blog\/#\/schema\/person\/aac26ed80d8e02fb9525ec6b569d75e9"},"headline":"\u00bfPuedo poner un vinilo enfrente de la vitrocer\u00e1mica?","datePublished":"2021-05-20T09:04:21+00:00","dateModified":"2021-06-10T09:09:45+00:00","mainEntityOfPage":{"@id":"https:\/\/www.motif.es\/blog\/puedo-poner-un-vinilo-enfrente-de-la-vitroceramica\/"},"wordCount":398,"commentCount":0,"publisher":{"@id":"https:\/\/www.motif.es\/blog\/#organization"},"image":{"@id":"https:\/\/www.motif.es\/blog\/puedo-poner-un-vinilo-enfrente-de-la-vitroceramica\/#primaryimage"},"thumbnailUrl":"https:\/\/www.motif.es\/blog\/wp-content\/uploads\/2021\/06\/vinilo-pietra-black.jpg","articleSection":["sobre vinilos para muebles"],"inLanguage":"es","potentialAction":[{"@type":"CommentAction","name":"Comment","target":["https:\/\/www.motif.es\/blog\/puedo-poner-un-vinilo-enfrente-de-la-vitroceramica\/#respond"]}]},{"@type":"WebPage","@id":"https:\/\/www.motif.es\/blog\/puedo-poner-un-vinilo-enfrente-de-la-vitroceramica\/","url":"https:\/\/www.motif.es\/blog\/puedo-poner-un-vinilo-enfrente-de-la-vitroceramica\/","name":"\u00bfPuedo poner un vinilo enfrente de la vitrocer\u00e1mica? - Blog Motif","isPartOf":{"@id":"https:\/\/www.motif.es\/blog\/#website"},"primaryImageOfPage":{"@id":"https:\/\/www.motif.es\/blog\/puedo-poner-un-vinilo-enfrente-de-la-vitroceramica\/#primaryimage"},"image":{"@id":"https:\/\/www.motif.es\/blog\/puedo-poner-un-vinilo-enfrente-de-la-vitroceramica\/#primaryimage"},"thumbnailUrl":"https:\/\/www.motif.es\/blog\/wp-content\/uploads\/2021\/06\/vinilo-pietra-black.jpg","datePublished":"2021-05-20T09:04:21+00:00","dateModified":"2021-06-10T09:09:45+00:00","description":"Las aplicaciones de nuestros vinilos para muebles y pared, es una de las que m\u00e1s os sorprende a la vez que es os gusta, y que hace que os hag\u00e1is algunas","breadcrumb":{"@id":"https:\/\/www.motif.es\/blog\/puedo-poner-un-vinilo-enfrente-de-la-vitroceramica\/#breadcrumb"},"inLanguage":"es","potentialAction":[{"@type":"ReadAction","target":["https:\/\/www.motif.es\/blog\/puedo-poner-un-vinilo-enfrente-de-la-vitroceramica\/"]}]},{"@type":"ImageObject","inLanguage":"es","@id":"https:\/\/www.motif.es\/blog\/puedo-poner-un-vinilo-enfrente-de-la-vitroceramica\/#primaryimage","url":"https:\/\/www.motif.es\/blog\/wp-content\/uploads\/2021\/06\/vinilo-pietra-black.jpg","contentUrl":"https:\/\/www.motif.es\/blog\/wp-content\/uploads\/2021\/06\/vinilo-pietra-black.jpg","width":1000,"height":1000},{"@type":"BreadcrumbList","@id":"https:\/\/www.motif.es\/blog\/puedo-poner-un-vinilo-enfrente-de-la-vitroceramica\/#breadcrumb","itemListElement":[{"@type":"ListItem","position":1,"name":"Blog","item":"https:\/\/www.motif.es\/blog\/"},{"@type":"ListItem","position":2,"name":"sobre vinilos para muebles","item":"https:\/\/www.motif.es\/blog\/category\/sobre-vinilos-para-muebles\/"},{"@type":"ListItem","position":3,"name":"\u00bfPuedo poner un vinilo enfrente de la vitrocer\u00e1mica?"}]},{"@type":"WebSite","@id":"https:\/\/www.motif.es\/blog\/#website","url":"https:\/\/www.motif.es\/blog\/","name":"Blog Motif","description":"nuestro rinc\u00f3n para inspirarte","publisher":{"@id":"https:\/\/www.motif.es\/blog\/#organization"},"potentialAction":[{"@type":"SearchAction","target":{"@type":"EntryPoint","urlTemplate":"https:\/\/www.motif.es\/blog\/?s={search_term_string}"},"query-input":{"@type":"PropertyValueSpecification","valueRequired":true,"valueName":"search_term_string"}}],"inLanguage":"es"},{"@type":"Organization","@id":"https:\/\/www.motif.es\/blog\/#organization","name":"Motif Wallpapers S.L.U.","url":"https:\/\/www.motif.es\/blog\/","logo":{"@type":"ImageObject","inLanguage":"es","@id":"https:\/\/www.motif.es\/blog\/#\/schema\/logo\/image\/","url":"https:\/\/motif.es\/blog\/wp-content\/uploads\/2021\/06\/logo-motif.jpg","contentUrl":"https:\/\/motif.es\/blog\/wp-content\/uploads\/2021\/06\/logo-motif.jpg","width":464,"height":464,"caption":"Motif Wallpapers S.L.U."},"image":{"@id":"https:\/\/www.motif.es\/blog\/#\/schema\/logo\/image\/"},"sameAs":["https:\/\/www.facebook.com\/motifmorethanwalls\/","https:\/\/www.instagram.com\/motif_es\/?hl=es","https:\/\/www.pinterest.es\/motifwallpapers\/","https:\/\/www.youtube.com\/channel\/UCNaOmbxD6LjcQNj4vmfVIUg"]},{"@type":"Person","@id":"https:\/\/www.motif.es\/blog\/#\/schema\/person\/aac26ed80d8e02fb9525ec6b569d75e9","name":"Comunicaci\u00f3n Motif","image":{"@type":"ImageObject","inLanguage":"es","@id":"https:\/\/secure.gravatar.com\/avatar\/93b2fb49a03bd7a57b5f5e8c3b740113f14f25da86b090887d9353672de2d9b5?s=96&d=mm&r=g","url":"https:\/\/secure.gravatar.com\/avatar\/93b2fb49a03bd7a57b5f5e8c3b740113f14f25da86b090887d9353672de2d9b5?s=96&d=mm&r=g","contentUrl":"https:\/\/secure.gravatar.com\/avatar\/93b2fb49a03bd7a57b5f5e8c3b740113f14f25da86b090887d9353672de2d9b5?s=96&d=mm&r=g","caption":"Comunicaci\u00f3n Motif"},"url":"https:\/\/www.motif.es\/blog\/author\/comunicacion\/"}]}},"_links":{"self":[{"href":"https:\/\/www.motif.es\/blog\/wp-json\/wp\/v2\/posts\/737","targetHints":{"allow":["GET"]}}],"collection":[{"href":"https:\/\/www.motif.es\/blog\/wp-json\/wp\/v2\/posts"}],"about":[{"href":"https:\/\/www.motif.es\/blog\/wp-json\/wp\/v2\/types\/post"}],"author":[{"embeddable":true,"href":"https:\/\/www.motif.es\/blog\/wp-json\/wp\/v2\/users\/2"}],"replies":[{"embeddable":true,"href":"https:\/\/www.motif.es\/blog\/wp-json\/wp\/v2\/comments?post=737"}],"version-history":[{"count":1,"href":"https:\/\/www.motif.es\/blog\/wp-json\/wp\/v2\/posts\/737\/revisions"}],"predecessor-version":[{"id":740,"href":"https:\/\/www.motif.es\/blog\/wp-json\/wp\/v2\/posts\/737\/revisions\/740"}],"wp:featuredmedia":[{"embeddable":true,"href":"https:\/\/www.motif.es\/blog\/wp-json\/wp\/v2\/media\/738"}],"wp:attachment":[{"href":"https:\/\/www.motif.es\/blog\/wp-json\/wp\/v2\/media?parent=737"}],"wp:term":[{"taxonomy":"category","embeddable":true,"href":"https:\/\/www.motif.es\/blog\/wp-json\/wp\/v2\/categories?post=737"},{"taxonomy":"post_tag","embeddable":true,"href":"https:\/\/www.motif.es\/blog\/wp-json\/wp\/v2\/tags?post=737"}],"curies":[{"name":"wp","href":"https:\/\/api.w.org\/{rel}","templated":true}]}}