{"id":812,"date":"2021-06-24T08:45:54","date_gmt":"2021-06-24T08:45:54","guid":{"rendered":"https:\/\/motif.es\/blog\/?p=812"},"modified":"2021-10-06T08:10:15","modified_gmt":"2021-10-06T08:10:15","slug":"elena-tablada-tambien-se-enamora-de-los-papeles-y-murales-motif","status":"publish","type":"post","link":"https:\/\/www.motif.es\/blog\/elena-tablada-tambien-se-enamora-de-los-papeles-y-murales-motif\/","title":{"rendered":"Elena Tablada tambi\u00e9n se enamora de los papeles y murales MOTIF"},"content":{"rendered":"<p>En MOTIF hemos tenido la suerte de contar con una embajadora s\u00faper especial y tenemos que confesar, que estamos encantados por su cercan\u00eda y amabilidad. <strong>Y por su destreza: \u00a1se lo ha colocado todo ella sola! <\/strong><\/p>\n<p>Si eres uno de sus seguidores de su cuenta de Instagram (@hellentablada) puede que ya lo hayas visto, sino te lo queremos mostrar porque el resultado que Elena ha conseguido es excepcional, tanto que hasta la prensa se ha hecho eco. Este es el caso de la pared de su sal\u00f3n tras instalar el <a href=\"https:\/\/www.motif.es\/murales-autoadhesivos\/10309-15909-mural-autoadhesivo-faz.html#\/5-material-texart\/6-tamano_murales-132x260_cm\/81-color-blanco_y_negro\">mural autoadhesivo para paredes FAZ<\/a>.<\/p>\n<p style=\"text-align: center;\"><img loading=\"lazy\" decoding=\"async\" class=\"alignnone wp-image-805\" src=\"https:\/\/motif.es\/blog\/wp-content\/uploads\/2021\/06\/elena-tablada-y-motif.png\" alt=\"\" width=\"596\" height=\"426\" srcset=\"https:\/\/www.motif.es\/blog\/wp-content\/uploads\/2021\/06\/elena-tablada-y-motif.png 386w, https:\/\/www.motif.es\/blog\/wp-content\/uploads\/2021\/06\/elena-tablada-y-motif-300x215.png 300w, https:\/\/www.motif.es\/blog\/wp-content\/uploads\/2021\/06\/elena-tablada-y-motif-150x107.png 150w\" sizes=\"auto, (max-width: 596px) 100vw, 596px\" \/><\/p>\n<p style=\"text-align: center;\"><a href=\"https:\/\/www.semana.es\/corazon\/elena-tablada-giro-radical-salon-original-luce-ahora-nueva-decoracion-20210609-002358714\/\"><em>Revista Semana<\/em><\/a><em>.<\/em><\/p>\n<div style=\"position: relative; padding-bottom: 56.25%; height: 0; overflow: hidden;\"><iframe loading=\"lazy\" style=\"width: 100%; height: 100%; position: absolute; left: 0px; top: 0px; overflow: hidden;\" src=\"https:\/\/www.dailymotion.com\/embed\/video\/x81ulw3?autoplay=1\" width=\"100%\" height=\"100%\" frameborder=\"0\" allowfullscreen=\"allowfullscreen\"> <\/iframe><\/div>\n<p><em>Video de instalaci\u00f3n del Mural Faz por Elena Tablada. Puedes ver los pasos <\/em><a href=\"https:\/\/www.dailymotion.com\/video\/x81ulw3\"><em>aqu\u00ed<\/em><\/a><em>.<\/em><\/p>\n<p><a href=\"https:\/\/www.20minutos.es\/noticia\/4725123\/0\/elena-tablada-redecora-el-salon-de-su-casa-y-comparte-el-resultado-con-todos-sus-seguidores\/?autoref=true\">La revista 20 minutos<\/a> fue otra de las que se hizo eco del cabio de decoraci\u00f3n del sal\u00f3n de Elena, publicando el resultado del mismo y que ella hab\u00eda colgado en su instagram.<\/p>\n<blockquote class=\"instagram-media\" style=\"background: #FFF; border: 0; border-radius: 3px; box-shadow: 0 0 1px 0 rgba(0,0,0,0.5),0 1px 10px 0 rgba(0,0,0,0.15); margin: 1px; max-width: 540px; min-width: 326px; padding: 0; width: calc(100% - 2px);\" data-instgrm-captioned=\"\" data-instgrm-permalink=\"https:\/\/www.instagram.com\/p\/CP3B0ioDzsp\/?utm_source=ig_embed&amp;utm_campaign=loading\" data-instgrm-version=\"13\">\n<div style=\"padding: 16px;\">\n<p>&nbsp;<\/p>\n<div style=\"display: flex; flex-direction: row; align-items: center;\">\n<div style=\"background-color: #f4f4f4; border-radius: 50%; flex-grow: 0; height: 40px; margin-right: 14px; width: 40px;\"><\/div>\n<div style=\"display: flex; flex-direction: column; flex-grow: 1; justify-content: center;\">\n<div style=\"background-color: #f4f4f4; border-radius: 4px; flex-grow: 0; height: 14px; margin-bottom: 6px; width: 100px;\"><\/div>\n<div style=\"background-color: #f4f4f4; border-radius: 4px; flex-grow: 0; height: 14px; width: 60px;\"><\/div>\n<\/div>\n<\/div>\n<div style=\"padding: 19% 0;\"><\/div>\n<div style=\"display: block; height: 50px; margin: 0 auto 12px; width: 50px;\"><\/div>\n<div style=\"padding-top: 8px;\">\n<div style=\"color: #3897f0; font-family: Arial,sans-serif; font-size: 14px; font-style: normal; font-weight: 550; line-height: 18px;\">Ver esta publicaci\u00f3n en Instagram<\/div>\n<\/div>\n<div style=\"padding: 12.5% 0;\"><\/div>\n<div style=\"display: flex; flex-direction: row; margin-bottom: 14px; align-items: center;\">\n<div>\n<div style=\"background-color: #f4f4f4; border-radius: 50%; height: 12.5px; width: 12.5px; transform: translateX(0px) translateY(7px);\"><\/div>\n<div style=\"background-color: #f4f4f4; height: 12.5px; transform: rotate(-45deg) translateX(3px) translateY(1px); width: 12.5px; flex-grow: 0; margin-right: 14px; margin-left: 2px;\"><\/div>\n<div style=\"background-color: #f4f4f4; border-radius: 50%; height: 12.5px; width: 12.5px; transform: translateX(9px) translateY(-18px);\"><\/div>\n<\/div>\n<div style=\"margin-left: 8px;\">\n<div style=\"background-color: #f4f4f4; border-radius: 50%; flex-grow: 0; height: 20px; width: 20px;\"><\/div>\n<div style=\"width: 0; height: 0; border-top: 2px solid transparent; border-left: 6px solid #f4f4f4; border-bottom: 2px solid transparent; transform: translateX(16px) translateY(-4px) rotate(30deg);\"><\/div>\n<\/div>\n<div style=\"margin-left: auto;\">\n<div style=\"width: 0px; border-top: 8px solid #F4F4F4; border-right: 8px solid transparent; transform: translateY(16px);\"><\/div>\n<div style=\"background-color: #f4f4f4; flex-grow: 0; height: 12px; width: 16px; transform: translateY(-4px);\"><\/div>\n<div style=\"width: 0; height: 0; border-top: 8px solid #F4F4F4; border-left: 8px solid transparent; transform: translateY(-4px) translateX(8px);\"><\/div>\n<\/div>\n<\/div>\n<div style=\"display: flex; flex-direction: column; flex-grow: 1; justify-content: center; margin-bottom: 24px;\">\n<div style=\"background-color: #f4f4f4; border-radius: 4px; flex-grow: 0; height: 14px; margin-bottom: 6px; width: 224px;\"><\/div>\n<div style=\"background-color: #f4f4f4; border-radius: 4px; flex-grow: 0; height: 14px; width: 144px;\"><\/div>\n<\/div>\n<p>&nbsp;<\/p>\n<p style=\"color: #c9c8cd; font-family: Arial,sans-serif; font-size: 14px; line-height: 17px; margin-bottom: 0; margin-top: 8px; overflow: hidden; padding: 8px 0 7px; text-align: center; text-overflow: ellipsis; white-space: nowrap;\"><a style=\"color: #c9c8cd; font-family: Arial,sans-serif; font-size: 14px; font-style: normal; font-weight: normal; line-height: 17px; text-decoration: none;\" href=\"https:\/\/www.instagram.com\/p\/CP3B0ioDzsp\/?utm_source=ig_embed&amp;utm_campaign=loading\" target=\"_blank\" rel=\"noopener\">Una publicaci\u00f3n compartida de Hell ?Elena Tablada (@hellentablada)<\/a><\/p>\n<\/div>\n<\/blockquote>\n<p><script async src=\"\/\/www.instagram.com\/embed.js\"><\/script><\/p>\n<p>Adem\u00e1s, Elena tambi\u00e9n incorpor\u00f3 a su casa\u00a0 dos alfombras vin\u00edlicas, una para terraza y otra para sus nenas,\u00a0 unos manteles individuales que integr\u00f3 en la decoraci\u00f3n de sus cenas (\u00a1nos hemos quedado alucinados con las mesas que prepara!) y le dio otro aspecto a sus muebles con dos de nuestros \u00a0vinilos para muebles y pared.<\/p>\n<p>&nbsp;<\/p>\n<blockquote class=\"instagram-media\" style=\"background: #FFF; border: 0; border-radius: 3px; box-shadow: 0 0 1px 0 rgba(0,0,0,0.5),0 1px 10px 0 rgba(0,0,0,0.15); margin: 1px; max-width: 540px; min-width: 326px; padding: 0; width: calc(100% - 2px);\" data-instgrm-captioned=\"\" data-instgrm-permalink=\"https:\/\/www.instagram.com\/reel\/CLr0VFrKCaW\/?utm_source=ig_embed&amp;utm_campaign=loading\" data-instgrm-version=\"13\">\n<div style=\"padding: 16px;\">\n<p>&nbsp;<\/p>\n<div style=\"display: flex; flex-direction: row; align-items: center;\">\n<div style=\"background-color: #f4f4f4; border-radius: 50%; flex-grow: 0; height: 40px; margin-right: 14px; width: 40px;\"><\/div>\n<div style=\"display: flex; flex-direction: column; flex-grow: 1; justify-content: center;\">\n<div style=\"background-color: #f4f4f4; border-radius: 4px; flex-grow: 0; height: 14px; margin-bottom: 6px; width: 100px;\"><\/div>\n<div style=\"background-color: #f4f4f4; border-radius: 4px; flex-grow: 0; height: 14px; width: 60px;\"><\/div>\n<\/div>\n<\/div>\n<div style=\"padding: 19% 0;\"><\/div>\n<div style=\"display: block; height: 50px; margin: 0 auto 12px; width: 50px;\"><\/div>\n<div style=\"padding-top: 8px;\">\n<div style=\"color: #3897f0; font-family: Arial,sans-serif; font-size: 14px; font-style: normal; font-weight: 550; line-height: 18px;\">Ver esta publicaci\u00f3n en Instagram<\/div>\n<\/div>\n<div style=\"padding: 12.5% 0;\"><\/div>\n<div style=\"display: flex; flex-direction: row; margin-bottom: 14px; align-items: center;\">\n<div>\n<div style=\"background-color: #f4f4f4; border-radius: 50%; height: 12.5px; width: 12.5px; transform: translateX(0px) translateY(7px);\"><\/div>\n<div style=\"background-color: #f4f4f4; height: 12.5px; transform: rotate(-45deg) translateX(3px) translateY(1px); width: 12.5px; flex-grow: 0; margin-right: 14px; margin-left: 2px;\"><\/div>\n<div style=\"background-color: #f4f4f4; border-radius: 50%; height: 12.5px; width: 12.5px; transform: translateX(9px) translateY(-18px);\"><\/div>\n<\/div>\n<div style=\"margin-left: 8px;\">\n<div style=\"background-color: #f4f4f4; border-radius: 50%; flex-grow: 0; height: 20px; width: 20px;\"><\/div>\n<div style=\"width: 0; height: 0; border-top: 2px solid transparent; border-left: 6px solid #f4f4f4; border-bottom: 2px solid transparent; transform: translateX(16px) translateY(-4px) rotate(30deg);\"><\/div>\n<\/div>\n<div style=\"margin-left: auto;\">\n<div style=\"width: 0px; border-top: 8px solid #F4F4F4; border-right: 8px solid transparent; transform: translateY(16px);\"><\/div>\n<div style=\"background-color: #f4f4f4; flex-grow: 0; height: 12px; width: 16px; transform: translateY(-4px);\"><\/div>\n<div style=\"width: 0; height: 0; border-top: 8px solid #F4F4F4; border-left: 8px solid transparent; transform: translateY(-4px) translateX(8px);\"><\/div>\n<\/div>\n<\/div>\n<div style=\"display: flex; flex-direction: column; flex-grow: 1; justify-content: center; margin-bottom: 24px;\">\n<div style=\"background-color: #f4f4f4; border-radius: 4px; flex-grow: 0; height: 14px; margin-bottom: 6px; width: 224px;\"><\/div>\n<div style=\"background-color: #f4f4f4; border-radius: 4px; flex-grow: 0; height: 14px; width: 144px;\"><\/div>\n<\/div>\n<p>&nbsp;<\/p>\n<p style=\"color: #c9c8cd; font-family: Arial,sans-serif; font-size: 14px; line-height: 17px; margin-bottom: 0; margin-top: 8px; overflow: hidden; padding: 8px 0 7px; text-align: center; text-overflow: ellipsis; white-space: nowrap;\"><a style=\"color: #c9c8cd; font-family: Arial,sans-serif; font-size: 14px; font-style: normal; font-weight: normal; line-height: 17px; text-decoration: none;\" href=\"https:\/\/www.instagram.com\/reel\/CLr0VFrKCaW\/?utm_source=ig_embed&amp;utm_campaign=loading\" target=\"_blank\" rel=\"noopener\">Una publicaci\u00f3n compartida de Hell ?Elena Tablada (@hellentablada)<\/a><\/p>\n<\/div>\n<\/blockquote>\n<p><script async src=\"\/\/www.instagram.com\/embed.js\"><\/script><\/p>\n<p><img loading=\"lazy\" decoding=\"async\" class=\"alignnone wp-image-817 size-large\" src=\"https:\/\/motif.es\/blog\/wp-content\/uploads\/2021\/06\/IMG_1704-663x1024.jpeg\" alt=\"\" width=\"580\" height=\"896\" srcset=\"https:\/\/www.motif.es\/blog\/wp-content\/uploads\/2021\/06\/IMG_1704-663x1024.jpeg 663w, https:\/\/www.motif.es\/blog\/wp-content\/uploads\/2021\/06\/IMG_1704-194x300.jpeg 194w, https:\/\/www.motif.es\/blog\/wp-content\/uploads\/2021\/06\/IMG_1704-768x1185.jpeg 768w, https:\/\/www.motif.es\/blog\/wp-content\/uploads\/2021\/06\/IMG_1704-150x232.jpeg 150w, https:\/\/www.motif.es\/blog\/wp-content\/uploads\/2021\/06\/IMG_1704.jpeg 828w\" sizes=\"auto, (max-width: 580px) 100vw, 580px\" \/> <img loading=\"lazy\" decoding=\"async\" class=\"alignnone wp-image-818 size-large\" src=\"https:\/\/motif.es\/blog\/wp-content\/uploads\/2021\/06\/IMG_1707-671x1024.jpeg\" alt=\"\" width=\"580\" height=\"885\" srcset=\"https:\/\/www.motif.es\/blog\/wp-content\/uploads\/2021\/06\/IMG_1707-671x1024.jpeg 671w, https:\/\/www.motif.es\/blog\/wp-content\/uploads\/2021\/06\/IMG_1707-197x300.jpeg 197w, https:\/\/www.motif.es\/blog\/wp-content\/uploads\/2021\/06\/IMG_1707-768x1172.jpeg 768w, https:\/\/www.motif.es\/blog\/wp-content\/uploads\/2021\/06\/IMG_1707-150x229.jpeg 150w, https:\/\/www.motif.es\/blog\/wp-content\/uploads\/2021\/06\/IMG_1707.jpeg 828w\" sizes=\"auto, (max-width: 580px) 100vw, 580px\" \/><\/p>\n<p><img loading=\"lazy\" decoding=\"async\" class=\"alignnone wp-image-819 size-large\" src=\"https:\/\/motif.es\/blog\/wp-content\/uploads\/2021\/06\/IMG_1716-658x1024.jpg\" alt=\"\" width=\"580\" height=\"903\" srcset=\"https:\/\/www.motif.es\/blog\/wp-content\/uploads\/2021\/06\/IMG_1716-658x1024.jpg 658w, https:\/\/www.motif.es\/blog\/wp-content\/uploads\/2021\/06\/IMG_1716-193x300.jpg 193w, https:\/\/www.motif.es\/blog\/wp-content\/uploads\/2021\/06\/IMG_1716-768x1196.jpg 768w, https:\/\/www.motif.es\/blog\/wp-content\/uploads\/2021\/06\/IMG_1716-150x234.jpg 150w, https:\/\/www.motif.es\/blog\/wp-content\/uploads\/2021\/06\/IMG_1716.jpg 828w\" sizes=\"auto, (max-width: 580px) 100vw, 580px\" \/> <img loading=\"lazy\" decoding=\"async\" class=\"alignnone wp-image-821 size-large\" src=\"https:\/\/motif.es\/blog\/wp-content\/uploads\/2021\/06\/IMG_1708-661x1024.jpg\" alt=\"\" width=\"580\" height=\"899\" srcset=\"https:\/\/www.motif.es\/blog\/wp-content\/uploads\/2021\/06\/IMG_1708-661x1024.jpg 661w, https:\/\/www.motif.es\/blog\/wp-content\/uploads\/2021\/06\/IMG_1708-194x300.jpg 194w, https:\/\/www.motif.es\/blog\/wp-content\/uploads\/2021\/06\/IMG_1708-768x1189.jpg 768w, https:\/\/www.motif.es\/blog\/wp-content\/uploads\/2021\/06\/IMG_1708-150x232.jpg 150w, https:\/\/www.motif.es\/blog\/wp-content\/uploads\/2021\/06\/IMG_1708.jpg 828w\" sizes=\"auto, (max-width: 580px) 100vw, 580px\" \/> <img loading=\"lazy\" decoding=\"async\" class=\"alignnone wp-image-822 size-large\" src=\"https:\/\/motif.es\/blog\/wp-content\/uploads\/2021\/06\/IMG_1706-679x1024.jpeg\" alt=\"\" width=\"580\" height=\"875\" srcset=\"https:\/\/www.motif.es\/blog\/wp-content\/uploads\/2021\/06\/IMG_1706-679x1024.jpeg 679w, https:\/\/www.motif.es\/blog\/wp-content\/uploads\/2021\/06\/IMG_1706-199x300.jpeg 199w, https:\/\/www.motif.es\/blog\/wp-content\/uploads\/2021\/06\/IMG_1706-768x1158.jpeg 768w, https:\/\/www.motif.es\/blog\/wp-content\/uploads\/2021\/06\/IMG_1706-150x226.jpeg 150w, https:\/\/www.motif.es\/blog\/wp-content\/uploads\/2021\/06\/IMG_1706.jpeg 828w\" sizes=\"auto, (max-width: 580px) 100vw, 580px\" \/> <img loading=\"lazy\" decoding=\"async\" class=\"alignnone wp-image-823 size-large\" src=\"https:\/\/motif.es\/blog\/wp-content\/uploads\/2021\/06\/IMG_1705-644x1024.jpeg\" alt=\"\" width=\"580\" height=\"922\" srcset=\"https:\/\/www.motif.es\/blog\/wp-content\/uploads\/2021\/06\/IMG_1705-644x1024.jpeg 644w, https:\/\/www.motif.es\/blog\/wp-content\/uploads\/2021\/06\/IMG_1705-189x300.jpeg 189w, https:\/\/www.motif.es\/blog\/wp-content\/uploads\/2021\/06\/IMG_1705-768x1222.jpeg 768w, https:\/\/www.motif.es\/blog\/wp-content\/uploads\/2021\/06\/IMG_1705-150x239.jpeg 150w, https:\/\/www.motif.es\/blog\/wp-content\/uploads\/2021\/06\/IMG_1705.jpeg 828w\" sizes=\"auto, (max-width: 580px) 100vw, 580px\" \/> <img loading=\"lazy\" decoding=\"async\" class=\"alignnone wp-image-824 size-large\" src=\"https:\/\/motif.es\/blog\/wp-content\/uploads\/2021\/06\/IMG_1710-714x1024.jpg\" alt=\"\" width=\"580\" height=\"832\" srcset=\"https:\/\/www.motif.es\/blog\/wp-content\/uploads\/2021\/06\/IMG_1710-714x1024.jpg 714w, https:\/\/www.motif.es\/blog\/wp-content\/uploads\/2021\/06\/IMG_1710-209x300.jpg 209w, https:\/\/www.motif.es\/blog\/wp-content\/uploads\/2021\/06\/IMG_1710-768x1101.jpg 768w, https:\/\/www.motif.es\/blog\/wp-content\/uploads\/2021\/06\/IMG_1710-150x215.jpg 150w, https:\/\/www.motif.es\/blog\/wp-content\/uploads\/2021\/06\/IMG_1710.jpg 828w\" sizes=\"auto, (max-width: 580px) 100vw, 580px\" \/><\/p>\n<p>En sus publicaciones Elena Tablada nos ha ido mostrando paso a paso la colocaci\u00f3n de todos estos productos Motif, al igual que el resultado final del que est\u00e1 tan satisfecha como nosotros.<\/p>\n<div style=\"width: 480px;\" class=\"wp-video\"><!--[if lt IE 9]><script>document.createElement('video');<\/script><![endif]-->\n<video class=\"wp-video-shortcode\" id=\"video-812-1\" width=\"480\" height=\"848\" preload=\"metadata\" controls=\"controls\"><source type=\"video\/mp4\" src=\"https:\/\/motif.es\/blog\/wp-content\/uploads\/2021\/06\/VIDEO-2021-01-11-18-03-33.mp4?_=1\" \/><a href=\"https:\/\/motif.es\/blog\/wp-content\/uploads\/2021\/06\/VIDEO-2021-01-11-18-03-33.mp4\">https:\/\/motif.es\/blog\/wp-content\/uploads\/2021\/06\/VIDEO-2021-01-11-18-03-33.mp4<\/a><\/video><\/div>\n<p>Sin duda es todo un lujo contar con embajadoras para nuestra marca, como lo ha sido ella.<\/p>\n<p>\u00a1Mil gracias @hellentablada!<\/p>\n<p>&nbsp;<\/p>\n<p>&nbsp;<\/p>\n<p>&nbsp;<\/p>\n","protected":false},"excerpt":{"rendered":"<p>En MOTIF hemos tenido la suerte de contar con una embajadora s\u00faper especial y tenemos que confesar, que estamos encantados por su cercan\u00eda y amabilidad. Y por su destreza: \u00a1se lo ha colocado todo ella sola! Si eres uno de sus seguidores de su cuenta de Instagram (@hellentablada) puede que ya lo hayas visto, sino [&#8230;]<\/p>\n","protected":false},"author":2,"featured_media":1161,"comment_status":"open","ping_status":"open","sticky":false,"template":"","format":"standard","meta":{"_acf_changed":false,"footnotes":""},"categories":[19,9,8,4,12],"tags":[],"class_list":["post-812","post","type-post","status-publish","format-standard","has-post-thumbnail","hentry","category-embajadores-motif","category-inspirate","category-sobre-alfombras-vinilicas","category-sobre-murales-autoadhesivos","category-sobre-stikers"],"acf":[],"yoast_head":"<!-- This site is optimized with the Yoast SEO plugin v27.5 - https:\/\/yoast.com\/product\/yoast-seo-wordpress\/ -->\n<title>Elena Tablada tambi\u00e9n se enamora de los papeles y murales MOTIF - Blog Motif<\/title>\n<meta name=\"description\" content=\"En MOTIF hemos tenido la suerte de contar con una embajadora s\u00faper especial y tenemos que confesar, que estamos encantados por su cercan\u00eda y amabilidad. Y\" \/>\n<meta name=\"robots\" content=\"index, follow, max-snippet:-1, max-image-preview:large, max-video-preview:-1\" \/>\n<link rel=\"canonical\" href=\"https:\/\/www.motif.es\/blog\/elena-tablada-tambien-se-enamora-de-los-papeles-y-murales-motif\/\" \/>\n<meta property=\"og:locale\" content=\"es_ES\" \/>\n<meta property=\"og:type\" content=\"article\" \/>\n<meta property=\"og:title\" content=\"Elena Tablada tambi\u00e9n se enamora de los papeles y murales MOTIF - Blog Motif\" \/>\n<meta property=\"og:description\" content=\"En MOTIF hemos tenido la suerte de contar con una embajadora s\u00faper especial y tenemos que confesar, que estamos encantados por su cercan\u00eda y amabilidad. Y\" \/>\n<meta property=\"og:url\" content=\"https:\/\/www.motif.es\/blog\/elena-tablada-tambien-se-enamora-de-los-papeles-y-murales-motif\/\" \/>\n<meta property=\"og:site_name\" content=\"Blog Motif\" \/>\n<meta property=\"article:publisher\" content=\"https:\/\/www.facebook.com\/motifmorethanwalls\/\" \/>\n<meta property=\"article:published_time\" content=\"2021-06-24T08:45:54+00:00\" \/>\n<meta property=\"article:modified_time\" content=\"2021-10-06T08:10:15+00:00\" \/>\n<meta property=\"og:image\" content=\"https:\/\/www.motif.es\/blog\/wp-content\/uploads\/2021\/06\/elena-tablada-y-motif-4-1.png\" \/>\n\t<meta property=\"og:image:width\" content=\"484\" \/>\n\t<meta property=\"og:image:height\" content=\"494\" \/>\n\t<meta property=\"og:image:type\" content=\"image\/png\" \/>\n<meta name=\"author\" content=\"Comunicaci\u00f3n Motif\" \/>\n<meta name=\"twitter:card\" content=\"summary_large_image\" \/>\n<meta name=\"twitter:label1\" content=\"Escrito por\" \/>\n\t<meta name=\"twitter:data1\" content=\"Comunicaci\u00f3n Motif\" \/>\n\t<meta name=\"twitter:label2\" content=\"Tiempo de lectura\" \/>\n\t<meta name=\"twitter:data2\" content=\"3 minutos\" \/>\n<script type=\"application\/ld+json\" class=\"yoast-schema-graph\">{\"@context\":\"https:\\\/\\\/schema.org\",\"@graph\":[{\"@type\":\"Article\",\"@id\":\"https:\\\/\\\/www.motif.es\\\/blog\\\/elena-tablada-tambien-se-enamora-de-los-papeles-y-murales-motif\\\/#article\",\"isPartOf\":{\"@id\":\"https:\\\/\\\/www.motif.es\\\/blog\\\/elena-tablada-tambien-se-enamora-de-los-papeles-y-murales-motif\\\/\"},\"author\":{\"name\":\"Comunicaci\u00f3n Motif\",\"@id\":\"https:\\\/\\\/www.motif.es\\\/blog\\\/#\\\/schema\\\/person\\\/aac26ed80d8e02fb9525ec6b569d75e9\"},\"headline\":\"Elena Tablada tambi\u00e9n se enamora de los papeles y murales MOTIF\",\"datePublished\":\"2021-06-24T08:45:54+00:00\",\"dateModified\":\"2021-10-06T08:10:15+00:00\",\"mainEntityOfPage\":{\"@id\":\"https:\\\/\\\/www.motif.es\\\/blog\\\/elena-tablada-tambien-se-enamora-de-los-papeles-y-murales-motif\\\/\"},\"wordCount\":330,\"commentCount\":0,\"publisher\":{\"@id\":\"https:\\\/\\\/www.motif.es\\\/blog\\\/#organization\"},\"image\":{\"@id\":\"https:\\\/\\\/www.motif.es\\\/blog\\\/elena-tablada-tambien-se-enamora-de-los-papeles-y-murales-motif\\\/#primaryimage\"},\"thumbnailUrl\":\"https:\\\/\\\/www.motif.es\\\/blog\\\/wp-content\\\/uploads\\\/2021\\\/06\\\/elena-tablada-y-motif-4-1.png\",\"articleSection\":[\"embajadores Motif\",\"insp\u00edrate\",\"sobre alfombras vin\u00edlicas\",\"sobre murales autoadhesivos\",\"sobre stikers\"],\"inLanguage\":\"es\",\"potentialAction\":[{\"@type\":\"CommentAction\",\"name\":\"Comment\",\"target\":[\"https:\\\/\\\/www.motif.es\\\/blog\\\/elena-tablada-tambien-se-enamora-de-los-papeles-y-murales-motif\\\/#respond\"]}]},{\"@type\":\"WebPage\",\"@id\":\"https:\\\/\\\/www.motif.es\\\/blog\\\/elena-tablada-tambien-se-enamora-de-los-papeles-y-murales-motif\\\/\",\"url\":\"https:\\\/\\\/www.motif.es\\\/blog\\\/elena-tablada-tambien-se-enamora-de-los-papeles-y-murales-motif\\\/\",\"name\":\"Elena Tablada tambi\u00e9n se enamora de los papeles y murales MOTIF - Blog Motif\",\"isPartOf\":{\"@id\":\"https:\\\/\\\/www.motif.es\\\/blog\\\/#website\"},\"primaryImageOfPage\":{\"@id\":\"https:\\\/\\\/www.motif.es\\\/blog\\\/elena-tablada-tambien-se-enamora-de-los-papeles-y-murales-motif\\\/#primaryimage\"},\"image\":{\"@id\":\"https:\\\/\\\/www.motif.es\\\/blog\\\/elena-tablada-tambien-se-enamora-de-los-papeles-y-murales-motif\\\/#primaryimage\"},\"thumbnailUrl\":\"https:\\\/\\\/www.motif.es\\\/blog\\\/wp-content\\\/uploads\\\/2021\\\/06\\\/elena-tablada-y-motif-4-1.png\",\"datePublished\":\"2021-06-24T08:45:54+00:00\",\"dateModified\":\"2021-10-06T08:10:15+00:00\",\"description\":\"En MOTIF hemos tenido la suerte de contar con una embajadora s\u00faper especial y tenemos que confesar, que estamos encantados por su cercan\u00eda y amabilidad. Y\",\"breadcrumb\":{\"@id\":\"https:\\\/\\\/www.motif.es\\\/blog\\\/elena-tablada-tambien-se-enamora-de-los-papeles-y-murales-motif\\\/#breadcrumb\"},\"inLanguage\":\"es\",\"potentialAction\":[{\"@type\":\"ReadAction\",\"target\":[\"https:\\\/\\\/www.motif.es\\\/blog\\\/elena-tablada-tambien-se-enamora-de-los-papeles-y-murales-motif\\\/\"]}]},{\"@type\":\"ImageObject\",\"inLanguage\":\"es\",\"@id\":\"https:\\\/\\\/www.motif.es\\\/blog\\\/elena-tablada-tambien-se-enamora-de-los-papeles-y-murales-motif\\\/#primaryimage\",\"url\":\"https:\\\/\\\/www.motif.es\\\/blog\\\/wp-content\\\/uploads\\\/2021\\\/06\\\/elena-tablada-y-motif-4-1.png\",\"contentUrl\":\"https:\\\/\\\/www.motif.es\\\/blog\\\/wp-content\\\/uploads\\\/2021\\\/06\\\/elena-tablada-y-motif-4-1.png\",\"width\":484,\"height\":494},{\"@type\":\"BreadcrumbList\",\"@id\":\"https:\\\/\\\/www.motif.es\\\/blog\\\/elena-tablada-tambien-se-enamora-de-los-papeles-y-murales-motif\\\/#breadcrumb\",\"itemListElement\":[{\"@type\":\"ListItem\",\"position\":1,\"name\":\"Blog\",\"item\":\"https:\\\/\\\/www.motif.es\\\/blog\\\/\"},{\"@type\":\"ListItem\",\"position\":2,\"name\":\"sobre murales autoadhesivos\",\"item\":\"https:\\\/\\\/www.motif.es\\\/blog\\\/category\\\/sobre-murales-autoadhesivos\\\/\"},{\"@type\":\"ListItem\",\"position\":3,\"name\":\"Elena Tablada tambi\u00e9n se enamora de los papeles y murales MOTIF\"}]},{\"@type\":\"WebSite\",\"@id\":\"https:\\\/\\\/www.motif.es\\\/blog\\\/#website\",\"url\":\"https:\\\/\\\/www.motif.es\\\/blog\\\/\",\"name\":\"Blog Motif\",\"description\":\"nuestro rinc\u00f3n para inspirarte\",\"publisher\":{\"@id\":\"https:\\\/\\\/www.motif.es\\\/blog\\\/#organization\"},\"potentialAction\":[{\"@type\":\"SearchAction\",\"target\":{\"@type\":\"EntryPoint\",\"urlTemplate\":\"https:\\\/\\\/www.motif.es\\\/blog\\\/?s={search_term_string}\"},\"query-input\":{\"@type\":\"PropertyValueSpecification\",\"valueRequired\":true,\"valueName\":\"search_term_string\"}}],\"inLanguage\":\"es\"},{\"@type\":\"Organization\",\"@id\":\"https:\\\/\\\/www.motif.es\\\/blog\\\/#organization\",\"name\":\"Motif Wallpapers S.L.U.\",\"url\":\"https:\\\/\\\/www.motif.es\\\/blog\\\/\",\"logo\":{\"@type\":\"ImageObject\",\"inLanguage\":\"es\",\"@id\":\"https:\\\/\\\/www.motif.es\\\/blog\\\/#\\\/schema\\\/logo\\\/image\\\/\",\"url\":\"https:\\\/\\\/motif.es\\\/blog\\\/wp-content\\\/uploads\\\/2021\\\/06\\\/logo-motif.jpg\",\"contentUrl\":\"https:\\\/\\\/motif.es\\\/blog\\\/wp-content\\\/uploads\\\/2021\\\/06\\\/logo-motif.jpg\",\"width\":464,\"height\":464,\"caption\":\"Motif Wallpapers S.L.U.\"},\"image\":{\"@id\":\"https:\\\/\\\/www.motif.es\\\/blog\\\/#\\\/schema\\\/logo\\\/image\\\/\"},\"sameAs\":[\"https:\\\/\\\/www.facebook.com\\\/motifmorethanwalls\\\/\",\"https:\\\/\\\/www.instagram.com\\\/motif_es\\\/?hl=es\",\"https:\\\/\\\/www.pinterest.es\\\/motifwallpapers\\\/\",\"https:\\\/\\\/www.youtube.com\\\/channel\\\/UCNaOmbxD6LjcQNj4vmfVIUg\"]},{\"@type\":\"Person\",\"@id\":\"https:\\\/\\\/www.motif.es\\\/blog\\\/#\\\/schema\\\/person\\\/aac26ed80d8e02fb9525ec6b569d75e9\",\"name\":\"Comunicaci\u00f3n Motif\",\"image\":{\"@type\":\"ImageObject\",\"inLanguage\":\"es\",\"@id\":\"https:\\\/\\\/secure.gravatar.com\\\/avatar\\\/93b2fb49a03bd7a57b5f5e8c3b740113f14f25da86b090887d9353672de2d9b5?s=96&d=mm&r=g\",\"url\":\"https:\\\/\\\/secure.gravatar.com\\\/avatar\\\/93b2fb49a03bd7a57b5f5e8c3b740113f14f25da86b090887d9353672de2d9b5?s=96&d=mm&r=g\",\"contentUrl\":\"https:\\\/\\\/secure.gravatar.com\\\/avatar\\\/93b2fb49a03bd7a57b5f5e8c3b740113f14f25da86b090887d9353672de2d9b5?s=96&d=mm&r=g\",\"caption\":\"Comunicaci\u00f3n Motif\"},\"url\":\"https:\\\/\\\/www.motif.es\\\/blog\\\/author\\\/comunicacion\\\/\"}]}<\/script>\n<!-- \/ Yoast SEO plugin. -->","yoast_head_json":{"title":"Elena Tablada tambi\u00e9n se enamora de los papeles y murales MOTIF - Blog Motif","description":"En MOTIF hemos tenido la suerte de contar con una embajadora s\u00faper especial y tenemos que confesar, que estamos encantados por su cercan\u00eda y amabilidad. Y","robots":{"index":"index","follow":"follow","max-snippet":"max-snippet:-1","max-image-preview":"max-image-preview:large","max-video-preview":"max-video-preview:-1"},"canonical":"https:\/\/www.motif.es\/blog\/elena-tablada-tambien-se-enamora-de-los-papeles-y-murales-motif\/","og_locale":"es_ES","og_type":"article","og_title":"Elena Tablada tambi\u00e9n se enamora de los papeles y murales MOTIF - Blog Motif","og_description":"En MOTIF hemos tenido la suerte de contar con una embajadora s\u00faper especial y tenemos que confesar, que estamos encantados por su cercan\u00eda y amabilidad. Y","og_url":"https:\/\/www.motif.es\/blog\/elena-tablada-tambien-se-enamora-de-los-papeles-y-murales-motif\/","og_site_name":"Blog Motif","article_publisher":"https:\/\/www.facebook.com\/motifmorethanwalls\/","article_published_time":"2021-06-24T08:45:54+00:00","article_modified_time":"2021-10-06T08:10:15+00:00","og_image":[{"width":484,"height":494,"url":"https:\/\/www.motif.es\/blog\/wp-content\/uploads\/2021\/06\/elena-tablada-y-motif-4-1.png","type":"image\/png"}],"author":"Comunicaci\u00f3n Motif","twitter_card":"summary_large_image","twitter_misc":{"Escrito por":"Comunicaci\u00f3n Motif","Tiempo de lectura":"3 minutos"},"schema":{"@context":"https:\/\/schema.org","@graph":[{"@type":"Article","@id":"https:\/\/www.motif.es\/blog\/elena-tablada-tambien-se-enamora-de-los-papeles-y-murales-motif\/#article","isPartOf":{"@id":"https:\/\/www.motif.es\/blog\/elena-tablada-tambien-se-enamora-de-los-papeles-y-murales-motif\/"},"author":{"name":"Comunicaci\u00f3n Motif","@id":"https:\/\/www.motif.es\/blog\/#\/schema\/person\/aac26ed80d8e02fb9525ec6b569d75e9"},"headline":"Elena Tablada tambi\u00e9n se enamora de los papeles y murales MOTIF","datePublished":"2021-06-24T08:45:54+00:00","dateModified":"2021-10-06T08:10:15+00:00","mainEntityOfPage":{"@id":"https:\/\/www.motif.es\/blog\/elena-tablada-tambien-se-enamora-de-los-papeles-y-murales-motif\/"},"wordCount":330,"commentCount":0,"publisher":{"@id":"https:\/\/www.motif.es\/blog\/#organization"},"image":{"@id":"https:\/\/www.motif.es\/blog\/elena-tablada-tambien-se-enamora-de-los-papeles-y-murales-motif\/#primaryimage"},"thumbnailUrl":"https:\/\/www.motif.es\/blog\/wp-content\/uploads\/2021\/06\/elena-tablada-y-motif-4-1.png","articleSection":["embajadores Motif","insp\u00edrate","sobre alfombras vin\u00edlicas","sobre murales autoadhesivos","sobre stikers"],"inLanguage":"es","potentialAction":[{"@type":"CommentAction","name":"Comment","target":["https:\/\/www.motif.es\/blog\/elena-tablada-tambien-se-enamora-de-los-papeles-y-murales-motif\/#respond"]}]},{"@type":"WebPage","@id":"https:\/\/www.motif.es\/blog\/elena-tablada-tambien-se-enamora-de-los-papeles-y-murales-motif\/","url":"https:\/\/www.motif.es\/blog\/elena-tablada-tambien-se-enamora-de-los-papeles-y-murales-motif\/","name":"Elena Tablada tambi\u00e9n se enamora de los papeles y murales MOTIF - Blog Motif","isPartOf":{"@id":"https:\/\/www.motif.es\/blog\/#website"},"primaryImageOfPage":{"@id":"https:\/\/www.motif.es\/blog\/elena-tablada-tambien-se-enamora-de-los-papeles-y-murales-motif\/#primaryimage"},"image":{"@id":"https:\/\/www.motif.es\/blog\/elena-tablada-tambien-se-enamora-de-los-papeles-y-murales-motif\/#primaryimage"},"thumbnailUrl":"https:\/\/www.motif.es\/blog\/wp-content\/uploads\/2021\/06\/elena-tablada-y-motif-4-1.png","datePublished":"2021-06-24T08:45:54+00:00","dateModified":"2021-10-06T08:10:15+00:00","description":"En MOTIF hemos tenido la suerte de contar con una embajadora s\u00faper especial y tenemos que confesar, que estamos encantados por su cercan\u00eda y amabilidad. Y","breadcrumb":{"@id":"https:\/\/www.motif.es\/blog\/elena-tablada-tambien-se-enamora-de-los-papeles-y-murales-motif\/#breadcrumb"},"inLanguage":"es","potentialAction":[{"@type":"ReadAction","target":["https:\/\/www.motif.es\/blog\/elena-tablada-tambien-se-enamora-de-los-papeles-y-murales-motif\/"]}]},{"@type":"ImageObject","inLanguage":"es","@id":"https:\/\/www.motif.es\/blog\/elena-tablada-tambien-se-enamora-de-los-papeles-y-murales-motif\/#primaryimage","url":"https:\/\/www.motif.es\/blog\/wp-content\/uploads\/2021\/06\/elena-tablada-y-motif-4-1.png","contentUrl":"https:\/\/www.motif.es\/blog\/wp-content\/uploads\/2021\/06\/elena-tablada-y-motif-4-1.png","width":484,"height":494},{"@type":"BreadcrumbList","@id":"https:\/\/www.motif.es\/blog\/elena-tablada-tambien-se-enamora-de-los-papeles-y-murales-motif\/#breadcrumb","itemListElement":[{"@type":"ListItem","position":1,"name":"Blog","item":"https:\/\/www.motif.es\/blog\/"},{"@type":"ListItem","position":2,"name":"sobre murales autoadhesivos","item":"https:\/\/www.motif.es\/blog\/category\/sobre-murales-autoadhesivos\/"},{"@type":"ListItem","position":3,"name":"Elena Tablada tambi\u00e9n se enamora de los papeles y murales MOTIF"}]},{"@type":"WebSite","@id":"https:\/\/www.motif.es\/blog\/#website","url":"https:\/\/www.motif.es\/blog\/","name":"Blog Motif","description":"nuestro rinc\u00f3n para inspirarte","publisher":{"@id":"https:\/\/www.motif.es\/blog\/#organization"},"potentialAction":[{"@type":"SearchAction","target":{"@type":"EntryPoint","urlTemplate":"https:\/\/www.motif.es\/blog\/?s={search_term_string}"},"query-input":{"@type":"PropertyValueSpecification","valueRequired":true,"valueName":"search_term_string"}}],"inLanguage":"es"},{"@type":"Organization","@id":"https:\/\/www.motif.es\/blog\/#organization","name":"Motif Wallpapers S.L.U.","url":"https:\/\/www.motif.es\/blog\/","logo":{"@type":"ImageObject","inLanguage":"es","@id":"https:\/\/www.motif.es\/blog\/#\/schema\/logo\/image\/","url":"https:\/\/motif.es\/blog\/wp-content\/uploads\/2021\/06\/logo-motif.jpg","contentUrl":"https:\/\/motif.es\/blog\/wp-content\/uploads\/2021\/06\/logo-motif.jpg","width":464,"height":464,"caption":"Motif Wallpapers S.L.U."},"image":{"@id":"https:\/\/www.motif.es\/blog\/#\/schema\/logo\/image\/"},"sameAs":["https:\/\/www.facebook.com\/motifmorethanwalls\/","https:\/\/www.instagram.com\/motif_es\/?hl=es","https:\/\/www.pinterest.es\/motifwallpapers\/","https:\/\/www.youtube.com\/channel\/UCNaOmbxD6LjcQNj4vmfVIUg"]},{"@type":"Person","@id":"https:\/\/www.motif.es\/blog\/#\/schema\/person\/aac26ed80d8e02fb9525ec6b569d75e9","name":"Comunicaci\u00f3n Motif","image":{"@type":"ImageObject","inLanguage":"es","@id":"https:\/\/secure.gravatar.com\/avatar\/93b2fb49a03bd7a57b5f5e8c3b740113f14f25da86b090887d9353672de2d9b5?s=96&d=mm&r=g","url":"https:\/\/secure.gravatar.com\/avatar\/93b2fb49a03bd7a57b5f5e8c3b740113f14f25da86b090887d9353672de2d9b5?s=96&d=mm&r=g","contentUrl":"https:\/\/secure.gravatar.com\/avatar\/93b2fb49a03bd7a57b5f5e8c3b740113f14f25da86b090887d9353672de2d9b5?s=96&d=mm&r=g","caption":"Comunicaci\u00f3n Motif"},"url":"https:\/\/www.motif.es\/blog\/author\/comunicacion\/"}]}},"_links":{"self":[{"href":"https:\/\/www.motif.es\/blog\/wp-json\/wp\/v2\/posts\/812","targetHints":{"allow":["GET"]}}],"collection":[{"href":"https:\/\/www.motif.es\/blog\/wp-json\/wp\/v2\/posts"}],"about":[{"href":"https:\/\/www.motif.es\/blog\/wp-json\/wp\/v2\/types\/post"}],"author":[{"embeddable":true,"href":"https:\/\/www.motif.es\/blog\/wp-json\/wp\/v2\/users\/2"}],"replies":[{"embeddable":true,"href":"https:\/\/www.motif.es\/blog\/wp-json\/wp\/v2\/comments?post=812"}],"version-history":[{"count":7,"href":"https:\/\/www.motif.es\/blog\/wp-json\/wp\/v2\/posts\/812\/revisions"}],"predecessor-version":[{"id":831,"href":"https:\/\/www.motif.es\/blog\/wp-json\/wp\/v2\/posts\/812\/revisions\/831"}],"wp:featuredmedia":[{"embeddable":true,"href":"https:\/\/www.motif.es\/blog\/wp-json\/wp\/v2\/media\/1161"}],"wp:attachment":[{"href":"https:\/\/www.motif.es\/blog\/wp-json\/wp\/v2\/media?parent=812"}],"wp:term":[{"taxonomy":"category","embeddable":true,"href":"https:\/\/www.motif.es\/blog\/wp-json\/wp\/v2\/categories?post=812"},{"taxonomy":"post_tag","embeddable":true,"href":"https:\/\/www.motif.es\/blog\/wp-json\/wp\/v2\/tags?post=812"}],"curies":[{"name":"wp","href":"https:\/\/api.w.org\/{rel}","templated":true}]}}