{"id":908,"date":"2021-07-06T15:21:19","date_gmt":"2021-07-06T15:21:19","guid":{"rendered":"https:\/\/motif.es\/blog\/?p=908"},"modified":"2021-08-24T15:50:09","modified_gmt":"2021-08-24T15:50:09","slug":"trucos-para-vestir-tu-casa-de-verano-de-manera-low-cost","status":"publish","type":"post","link":"https:\/\/www.motif.es\/blog\/trucos-para-vestir-tu-casa-de-verano-de-manera-low-cost\/","title":{"rendered":"Trucos para vestir tu casa de verano de manera \u2018low cost\u2019"},"content":{"rendered":"<p>Si tu seg\u00fan la \u00e9poca del a\u00f1o sueles cambiar de vestuario, \u00bfpor qu\u00e9 no hacerlo con tu casa?, es m\u00e1s, te aseguramos que puedes hacerlo sin mucho coste y sin gastar mucho dinero.<\/p>\n<ul>\n<li>Prepara tu terraza.<\/li>\n<\/ul>\n<p>No importa si es grande o peque\u00f1a, lo realmente importante es disfrutar del buen tiempo, ya sea de d\u00eda o de noche para sofocar el calor. Si ya tienes muebles, no es necesario cambiarlos pero s\u00ed hay otras formas de llevar el verano hasta este rinc\u00f3n especial como por ejemplo introduciendo en el suelo una <strong>alfombra vin\u00edlica.<\/strong><\/p>\n<p>Un ejemplo puede ser la <a href=\"https:\/\/www.motif.es\/alfombras-vinilicas\/20286-12634-alfombra-vinilica-dream-beach.html#\/11-tamano_alfombra-50x97_cm\/64-color-multicolor\">alfombra vin\u00edlica dream beach<\/a> cuyo dise\u00f1o tiene toda la esencia tropical y se adapta a cualquier tama\u00f1o.<\/p>\n<p style=\"text-align: center;\"><img loading=\"lazy\" decoding=\"async\" class=\"alignnone size-full wp-image-910\" src=\"https:\/\/motif.es\/blog\/wp-content\/uploads\/2021\/08\/alfombra-vinilica-dream-beach.jpg\" alt=\"\" width=\"1000\" height=\"1000\" srcset=\"https:\/\/www.motif.es\/blog\/wp-content\/uploads\/2021\/08\/alfombra-vinilica-dream-beach.jpg 1000w, https:\/\/www.motif.es\/blog\/wp-content\/uploads\/2021\/08\/alfombra-vinilica-dream-beach-300x300.jpg 300w, https:\/\/www.motif.es\/blog\/wp-content\/uploads\/2021\/08\/alfombra-vinilica-dream-beach-150x150.jpg 150w, https:\/\/www.motif.es\/blog\/wp-content\/uploads\/2021\/08\/alfombra-vinilica-dream-beach-768x768.jpg 768w, https:\/\/www.motif.es\/blog\/wp-content\/uploads\/2021\/08\/alfombra-vinilica-dream-beach-400x400.jpg 400w, https:\/\/www.motif.es\/blog\/wp-content\/uploads\/2021\/08\/alfombra-vinilica-dream-beach-96x96.jpg 96w, https:\/\/www.motif.es\/blog\/wp-content\/uploads\/2021\/08\/alfombra-vinilica-dream-beach-640x640.jpg 640w\" sizes=\"auto, (max-width: 1000px) 100vw, 1000px\" \/><\/p>\n<ul>\n<li>Que no falten unas plantas.<\/li>\n<\/ul>\n<p>Las macetas con plantas y flores son un recurso de decoraci\u00f3n econ\u00f3mico y que te hacen sentir m\u00e1s el verano. No dejes de aprovecharlo y darle un <strong>toque de frescura a cualquier estancia de tu casa<\/strong>, ya sea dentro o fuera.<\/p>\n<ul>\n<li>Crea una mesa ideal.<\/li>\n<\/ul>\n<p>\u00a1Sencill\u00edsimo! Hay una manera muy sencilla de hacerlo y es usar caminos de mesa o incluso manteles individuales para cuando llega la hora de comer.<\/p>\n<p>Si te gusta lo divertido y darle un toque de color, manteles como el mantel individual de sandia son tu elecci\u00f3n.<\/p>\n<p style=\"text-align: center;\"><img loading=\"lazy\" decoding=\"async\" class=\"alignnone size-full wp-image-912\" src=\"https:\/\/motif.es\/blog\/wp-content\/uploads\/2021\/08\/packs-de-6-manteles-sandia-vestir-tu-casa-de-verano.jpg\" alt=\"\" width=\"1000\" height=\"1000\" srcset=\"https:\/\/www.motif.es\/blog\/wp-content\/uploads\/2021\/08\/packs-de-6-manteles-sandia-vestir-tu-casa-de-verano.jpg 1000w, https:\/\/www.motif.es\/blog\/wp-content\/uploads\/2021\/08\/packs-de-6-manteles-sandia-vestir-tu-casa-de-verano-300x300.jpg 300w, https:\/\/www.motif.es\/blog\/wp-content\/uploads\/2021\/08\/packs-de-6-manteles-sandia-vestir-tu-casa-de-verano-150x150.jpg 150w, https:\/\/www.motif.es\/blog\/wp-content\/uploads\/2021\/08\/packs-de-6-manteles-sandia-vestir-tu-casa-de-verano-768x768.jpg 768w, https:\/\/www.motif.es\/blog\/wp-content\/uploads\/2021\/08\/packs-de-6-manteles-sandia-vestir-tu-casa-de-verano-640x640.jpg 640w, https:\/\/www.motif.es\/blog\/wp-content\/uploads\/2021\/08\/packs-de-6-manteles-sandia-vestir-tu-casa-de-verano-96x96.jpg 96w\" sizes=\"auto, (max-width: 1000px) 100vw, 1000px\" \/><\/p>\n<p>Si eres fiel y un enamorado del estilo tropical, opta por dise\u00f1os como este mantel palmeras para acertar.<\/p>\n<p style=\"text-align: center;\"><img loading=\"lazy\" decoding=\"async\" class=\"alignnone size-full wp-image-913\" src=\"https:\/\/motif.es\/blog\/wp-content\/uploads\/2021\/08\/packs-de-6-manteles-palmeras-vestir-tu-casa-de-verano.jpg\" alt=\"\" width=\"1000\" height=\"1000\" srcset=\"https:\/\/www.motif.es\/blog\/wp-content\/uploads\/2021\/08\/packs-de-6-manteles-palmeras-vestir-tu-casa-de-verano.jpg 1000w, https:\/\/www.motif.es\/blog\/wp-content\/uploads\/2021\/08\/packs-de-6-manteles-palmeras-vestir-tu-casa-de-verano-300x300.jpg 300w, https:\/\/www.motif.es\/blog\/wp-content\/uploads\/2021\/08\/packs-de-6-manteles-palmeras-vestir-tu-casa-de-verano-150x150.jpg 150w, https:\/\/www.motif.es\/blog\/wp-content\/uploads\/2021\/08\/packs-de-6-manteles-palmeras-vestir-tu-casa-de-verano-768x768.jpg 768w, https:\/\/www.motif.es\/blog\/wp-content\/uploads\/2021\/08\/packs-de-6-manteles-palmeras-vestir-tu-casa-de-verano-640x640.jpg 640w, https:\/\/www.motif.es\/blog\/wp-content\/uploads\/2021\/08\/packs-de-6-manteles-palmeras-vestir-tu-casa-de-verano-96x96.jpg 96w\" sizes=\"auto, (max-width: 1000px) 100vw, 1000px\" \/><\/p>\n<ul>\n<li>Renueva muebles sin cambiarlos.<\/li>\n<\/ul>\n<p>Dale un nuevo aire a tus muebles de manera sencilla y r\u00e1pida con un vinilo para muebles y pared. El resultado es sorprendente. Materiales como las fibras naturales son ideales para el cometido. Un ejemplo es el <strong>vinilo wicker<\/strong>. Su dibujo trenzado y su toque artesanal lo convierten en un dise\u00f1o muy especial.<\/p>\n<p style=\"text-align: center;\"><img loading=\"lazy\" decoding=\"async\" class=\"alignnone size-full wp-image-911\" src=\"https:\/\/motif.es\/blog\/wp-content\/uploads\/2021\/08\/vinilo-wicker-vestir-tu-casa-de-verano.jpg\" alt=\"\" width=\"1000\" height=\"1000\" srcset=\"https:\/\/www.motif.es\/blog\/wp-content\/uploads\/2021\/08\/vinilo-wicker-vestir-tu-casa-de-verano.jpg 1000w, https:\/\/www.motif.es\/blog\/wp-content\/uploads\/2021\/08\/vinilo-wicker-vestir-tu-casa-de-verano-300x300.jpg 300w, https:\/\/www.motif.es\/blog\/wp-content\/uploads\/2021\/08\/vinilo-wicker-vestir-tu-casa-de-verano-150x150.jpg 150w, https:\/\/www.motif.es\/blog\/wp-content\/uploads\/2021\/08\/vinilo-wicker-vestir-tu-casa-de-verano-768x768.jpg 768w, https:\/\/www.motif.es\/blog\/wp-content\/uploads\/2021\/08\/vinilo-wicker-vestir-tu-casa-de-verano-640x640.jpg 640w, https:\/\/www.motif.es\/blog\/wp-content\/uploads\/2021\/08\/vinilo-wicker-vestir-tu-casa-de-verano-96x96.jpg 96w\" sizes=\"auto, (max-width: 1000px) 100vw, 1000px\" \/><\/p>\n<p>Y para acabar, aprovecha <a href=\"https:\/\/www.elmueble.com\/ideas\/decoterapia\/los-colores-moda-del-verano_40695\" target=\"_blank\" rel=\"noopener\">el blanco<\/a> que como muchos profesionales de decoraci\u00f3n se ponen de acuerdo en decir, es el color del verano porque potencia la luz, da sensaci\u00f3n de frescor y limpieza, y seguro que ya tienes en mente muchas maneras de introducirlo.<\/p>\n<p>&nbsp;<\/p>\n<p>&nbsp;<\/p>\n<p>&nbsp;<\/p>\n<p>&nbsp;<\/p>\n<p>&nbsp;<\/p>\n<p>&nbsp;<\/p>\n","protected":false},"excerpt":{"rendered":"<p>Si tu seg\u00fan la \u00e9poca del a\u00f1o sueles cambiar de vestuario, \u00bfpor qu\u00e9 no hacerlo con tu casa?, es m\u00e1s, te aseguramos que puedes hacerlo sin mucho coste y sin gastar mucho dinero. Prepara tu terraza. No importa si es grande o peque\u00f1a, lo realmente importante es disfrutar del buen tiempo, ya sea de d\u00eda [&#8230;]<\/p>\n","protected":false},"author":2,"featured_media":910,"comment_status":"open","ping_status":"open","sticky":false,"template":"","format":"standard","meta":{"_acf_changed":false,"footnotes":""},"categories":[8,3,2,6,5],"tags":[],"class_list":["post-908","post","type-post","status-publish","format-standard","has-post-thumbnail","hentry","category-sobre-alfombras-vinilicas","category-sobre-caminos-de-mesa","category-sobre-manteles-individuales","category-sobre-papeles-para-pared-autoadhesivos","category-sobre-papeles-pintados"],"acf":[],"yoast_head":"<!-- This site is optimized with the Yoast SEO plugin v27.4 - https:\/\/yoast.com\/product\/yoast-seo-wordpress\/ -->\n<title>Trucos para vestir tu casa de verano de manera \u2018low cost\u2019 - Blog Motif<\/title>\n<meta name=\"description\" content=\"Si tu seg\u00fan la \u00e9poca del a\u00f1o sueles cambiar de vestuario, \u00bfpor qu\u00e9 no hacerlo con tu casa?, es m\u00e1s, te aseguramos que puedes hacerlo sin mucho coste y sin\" \/>\n<meta name=\"robots\" content=\"index, follow, max-snippet:-1, max-image-preview:large, max-video-preview:-1\" \/>\n<link rel=\"canonical\" href=\"https:\/\/www.motif.es\/blog\/trucos-para-vestir-tu-casa-de-verano-de-manera-low-cost\/\" \/>\n<meta property=\"og:locale\" content=\"es_ES\" \/>\n<meta property=\"og:type\" content=\"article\" \/>\n<meta property=\"og:title\" content=\"Trucos para vestir tu casa de verano de manera \u2018low cost\u2019 - Blog Motif\" \/>\n<meta property=\"og:description\" content=\"Si tu seg\u00fan la \u00e9poca del a\u00f1o sueles cambiar de vestuario, \u00bfpor qu\u00e9 no hacerlo con tu casa?, es m\u00e1s, te aseguramos que puedes hacerlo sin mucho coste y sin\" \/>\n<meta property=\"og:url\" content=\"https:\/\/www.motif.es\/blog\/trucos-para-vestir-tu-casa-de-verano-de-manera-low-cost\/\" \/>\n<meta property=\"og:site_name\" content=\"Blog Motif\" \/>\n<meta property=\"article:publisher\" content=\"https:\/\/www.facebook.com\/motifmorethanwalls\/\" \/>\n<meta property=\"article:published_time\" content=\"2021-07-06T15:21:19+00:00\" \/>\n<meta property=\"article:modified_time\" content=\"2021-08-24T15:50:09+00:00\" \/>\n<meta property=\"og:image\" content=\"https:\/\/www.motif.es\/blog\/wp-content\/uploads\/2021\/08\/alfombra-vinilica-dream-beach.jpg\" \/>\n\t<meta property=\"og:image:width\" content=\"1000\" \/>\n\t<meta property=\"og:image:height\" content=\"1000\" \/>\n\t<meta property=\"og:image:type\" content=\"image\/jpeg\" \/>\n<meta name=\"author\" content=\"Comunicaci\u00f3n Motif\" \/>\n<meta name=\"twitter:card\" content=\"summary_large_image\" \/>\n<meta name=\"twitter:label1\" content=\"Escrito por\" \/>\n\t<meta name=\"twitter:data1\" content=\"Comunicaci\u00f3n Motif\" \/>\n\t<meta name=\"twitter:label2\" content=\"Tiempo de lectura\" \/>\n\t<meta name=\"twitter:data2\" content=\"3 minutos\" \/>\n<script type=\"application\/ld+json\" class=\"yoast-schema-graph\">{\"@context\":\"https:\\\/\\\/schema.org\",\"@graph\":[{\"@type\":\"Article\",\"@id\":\"https:\\\/\\\/www.motif.es\\\/blog\\\/trucos-para-vestir-tu-casa-de-verano-de-manera-low-cost\\\/#article\",\"isPartOf\":{\"@id\":\"https:\\\/\\\/www.motif.es\\\/blog\\\/trucos-para-vestir-tu-casa-de-verano-de-manera-low-cost\\\/\"},\"author\":{\"name\":\"Comunicaci\u00f3n Motif\",\"@id\":\"https:\\\/\\\/www.motif.es\\\/blog\\\/#\\\/schema\\\/person\\\/aac26ed80d8e02fb9525ec6b569d75e9\"},\"headline\":\"Trucos para vestir tu casa de verano de manera \u2018low cost\u2019\",\"datePublished\":\"2021-07-06T15:21:19+00:00\",\"dateModified\":\"2021-08-24T15:50:09+00:00\",\"mainEntityOfPage\":{\"@id\":\"https:\\\/\\\/www.motif.es\\\/blog\\\/trucos-para-vestir-tu-casa-de-verano-de-manera-low-cost\\\/\"},\"wordCount\":367,\"commentCount\":0,\"publisher\":{\"@id\":\"https:\\\/\\\/www.motif.es\\\/blog\\\/#organization\"},\"image\":{\"@id\":\"https:\\\/\\\/www.motif.es\\\/blog\\\/trucos-para-vestir-tu-casa-de-verano-de-manera-low-cost\\\/#primaryimage\"},\"thumbnailUrl\":\"https:\\\/\\\/www.motif.es\\\/blog\\\/wp-content\\\/uploads\\\/2021\\\/08\\\/alfombra-vinilica-dream-beach.jpg\",\"articleSection\":[\"sobre alfombras vin\u00edlicas\",\"sobre caminos de mesa\",\"sobre manteles individuales\",\"sobre papeles para pared autoadhesivos\",\"sobre papeles pintados\"],\"inLanguage\":\"es\",\"potentialAction\":[{\"@type\":\"CommentAction\",\"name\":\"Comment\",\"target\":[\"https:\\\/\\\/www.motif.es\\\/blog\\\/trucos-para-vestir-tu-casa-de-verano-de-manera-low-cost\\\/#respond\"]}]},{\"@type\":\"WebPage\",\"@id\":\"https:\\\/\\\/www.motif.es\\\/blog\\\/trucos-para-vestir-tu-casa-de-verano-de-manera-low-cost\\\/\",\"url\":\"https:\\\/\\\/www.motif.es\\\/blog\\\/trucos-para-vestir-tu-casa-de-verano-de-manera-low-cost\\\/\",\"name\":\"Trucos para vestir tu casa de verano de manera \u2018low cost\u2019 - Blog Motif\",\"isPartOf\":{\"@id\":\"https:\\\/\\\/www.motif.es\\\/blog\\\/#website\"},\"primaryImageOfPage\":{\"@id\":\"https:\\\/\\\/www.motif.es\\\/blog\\\/trucos-para-vestir-tu-casa-de-verano-de-manera-low-cost\\\/#primaryimage\"},\"image\":{\"@id\":\"https:\\\/\\\/www.motif.es\\\/blog\\\/trucos-para-vestir-tu-casa-de-verano-de-manera-low-cost\\\/#primaryimage\"},\"thumbnailUrl\":\"https:\\\/\\\/www.motif.es\\\/blog\\\/wp-content\\\/uploads\\\/2021\\\/08\\\/alfombra-vinilica-dream-beach.jpg\",\"datePublished\":\"2021-07-06T15:21:19+00:00\",\"dateModified\":\"2021-08-24T15:50:09+00:00\",\"description\":\"Si tu seg\u00fan la \u00e9poca del a\u00f1o sueles cambiar de vestuario, \u00bfpor qu\u00e9 no hacerlo con tu casa?, es m\u00e1s, te aseguramos que puedes hacerlo sin mucho coste y sin\",\"breadcrumb\":{\"@id\":\"https:\\\/\\\/www.motif.es\\\/blog\\\/trucos-para-vestir-tu-casa-de-verano-de-manera-low-cost\\\/#breadcrumb\"},\"inLanguage\":\"es\",\"potentialAction\":[{\"@type\":\"ReadAction\",\"target\":[\"https:\\\/\\\/www.motif.es\\\/blog\\\/trucos-para-vestir-tu-casa-de-verano-de-manera-low-cost\\\/\"]}]},{\"@type\":\"ImageObject\",\"inLanguage\":\"es\",\"@id\":\"https:\\\/\\\/www.motif.es\\\/blog\\\/trucos-para-vestir-tu-casa-de-verano-de-manera-low-cost\\\/#primaryimage\",\"url\":\"https:\\\/\\\/www.motif.es\\\/blog\\\/wp-content\\\/uploads\\\/2021\\\/08\\\/alfombra-vinilica-dream-beach.jpg\",\"contentUrl\":\"https:\\\/\\\/www.motif.es\\\/blog\\\/wp-content\\\/uploads\\\/2021\\\/08\\\/alfombra-vinilica-dream-beach.jpg\",\"width\":1000,\"height\":1000},{\"@type\":\"BreadcrumbList\",\"@id\":\"https:\\\/\\\/www.motif.es\\\/blog\\\/trucos-para-vestir-tu-casa-de-verano-de-manera-low-cost\\\/#breadcrumb\",\"itemListElement\":[{\"@type\":\"ListItem\",\"position\":1,\"name\":\"Blog\",\"item\":\"https:\\\/\\\/www.motif.es\\\/blog\\\/\"},{\"@type\":\"ListItem\",\"position\":2,\"name\":\"sobre manteles individuales\",\"item\":\"https:\\\/\\\/www.motif.es\\\/blog\\\/category\\\/sobre-manteles-individuales\\\/\"},{\"@type\":\"ListItem\",\"position\":3,\"name\":\"Trucos para vestir tu casa de verano de manera \u2018low cost\u2019\"}]},{\"@type\":\"WebSite\",\"@id\":\"https:\\\/\\\/www.motif.es\\\/blog\\\/#website\",\"url\":\"https:\\\/\\\/www.motif.es\\\/blog\\\/\",\"name\":\"Blog Motif\",\"description\":\"nuestro rinc\u00f3n para inspirarte\",\"publisher\":{\"@id\":\"https:\\\/\\\/www.motif.es\\\/blog\\\/#organization\"},\"potentialAction\":[{\"@type\":\"SearchAction\",\"target\":{\"@type\":\"EntryPoint\",\"urlTemplate\":\"https:\\\/\\\/www.motif.es\\\/blog\\\/?s={search_term_string}\"},\"query-input\":{\"@type\":\"PropertyValueSpecification\",\"valueRequired\":true,\"valueName\":\"search_term_string\"}}],\"inLanguage\":\"es\"},{\"@type\":\"Organization\",\"@id\":\"https:\\\/\\\/www.motif.es\\\/blog\\\/#organization\",\"name\":\"Motif Wallpapers S.L.U.\",\"url\":\"https:\\\/\\\/www.motif.es\\\/blog\\\/\",\"logo\":{\"@type\":\"ImageObject\",\"inLanguage\":\"es\",\"@id\":\"https:\\\/\\\/www.motif.es\\\/blog\\\/#\\\/schema\\\/logo\\\/image\\\/\",\"url\":\"https:\\\/\\\/motif.es\\\/blog\\\/wp-content\\\/uploads\\\/2021\\\/06\\\/logo-motif.jpg\",\"contentUrl\":\"https:\\\/\\\/motif.es\\\/blog\\\/wp-content\\\/uploads\\\/2021\\\/06\\\/logo-motif.jpg\",\"width\":464,\"height\":464,\"caption\":\"Motif Wallpapers S.L.U.\"},\"image\":{\"@id\":\"https:\\\/\\\/www.motif.es\\\/blog\\\/#\\\/schema\\\/logo\\\/image\\\/\"},\"sameAs\":[\"https:\\\/\\\/www.facebook.com\\\/motifmorethanwalls\\\/\",\"https:\\\/\\\/www.instagram.com\\\/motif_es\\\/?hl=es\",\"https:\\\/\\\/www.pinterest.es\\\/motifwallpapers\\\/\",\"https:\\\/\\\/www.youtube.com\\\/channel\\\/UCNaOmbxD6LjcQNj4vmfVIUg\"]},{\"@type\":\"Person\",\"@id\":\"https:\\\/\\\/www.motif.es\\\/blog\\\/#\\\/schema\\\/person\\\/aac26ed80d8e02fb9525ec6b569d75e9\",\"name\":\"Comunicaci\u00f3n Motif\",\"image\":{\"@type\":\"ImageObject\",\"inLanguage\":\"es\",\"@id\":\"https:\\\/\\\/secure.gravatar.com\\\/avatar\\\/93b2fb49a03bd7a57b5f5e8c3b740113f14f25da86b090887d9353672de2d9b5?s=96&d=mm&r=g\",\"url\":\"https:\\\/\\\/secure.gravatar.com\\\/avatar\\\/93b2fb49a03bd7a57b5f5e8c3b740113f14f25da86b090887d9353672de2d9b5?s=96&d=mm&r=g\",\"contentUrl\":\"https:\\\/\\\/secure.gravatar.com\\\/avatar\\\/93b2fb49a03bd7a57b5f5e8c3b740113f14f25da86b090887d9353672de2d9b5?s=96&d=mm&r=g\",\"caption\":\"Comunicaci\u00f3n Motif\"},\"url\":\"https:\\\/\\\/www.motif.es\\\/blog\\\/author\\\/comunicacion\\\/\"}]}<\/script>\n<!-- \/ Yoast SEO plugin. -->","yoast_head_json":{"title":"Trucos para vestir tu casa de verano de manera \u2018low cost\u2019 - Blog Motif","description":"Si tu seg\u00fan la \u00e9poca del a\u00f1o sueles cambiar de vestuario, \u00bfpor qu\u00e9 no hacerlo con tu casa?, es m\u00e1s, te aseguramos que puedes hacerlo sin mucho coste y sin","robots":{"index":"index","follow":"follow","max-snippet":"max-snippet:-1","max-image-preview":"max-image-preview:large","max-video-preview":"max-video-preview:-1"},"canonical":"https:\/\/www.motif.es\/blog\/trucos-para-vestir-tu-casa-de-verano-de-manera-low-cost\/","og_locale":"es_ES","og_type":"article","og_title":"Trucos para vestir tu casa de verano de manera \u2018low cost\u2019 - Blog Motif","og_description":"Si tu seg\u00fan la \u00e9poca del a\u00f1o sueles cambiar de vestuario, \u00bfpor qu\u00e9 no hacerlo con tu casa?, es m\u00e1s, te aseguramos que puedes hacerlo sin mucho coste y sin","og_url":"https:\/\/www.motif.es\/blog\/trucos-para-vestir-tu-casa-de-verano-de-manera-low-cost\/","og_site_name":"Blog Motif","article_publisher":"https:\/\/www.facebook.com\/motifmorethanwalls\/","article_published_time":"2021-07-06T15:21:19+00:00","article_modified_time":"2021-08-24T15:50:09+00:00","og_image":[{"width":1000,"height":1000,"url":"https:\/\/www.motif.es\/blog\/wp-content\/uploads\/2021\/08\/alfombra-vinilica-dream-beach.jpg","type":"image\/jpeg"}],"author":"Comunicaci\u00f3n Motif","twitter_card":"summary_large_image","twitter_misc":{"Escrito por":"Comunicaci\u00f3n Motif","Tiempo de lectura":"3 minutos"},"schema":{"@context":"https:\/\/schema.org","@graph":[{"@type":"Article","@id":"https:\/\/www.motif.es\/blog\/trucos-para-vestir-tu-casa-de-verano-de-manera-low-cost\/#article","isPartOf":{"@id":"https:\/\/www.motif.es\/blog\/trucos-para-vestir-tu-casa-de-verano-de-manera-low-cost\/"},"author":{"name":"Comunicaci\u00f3n Motif","@id":"https:\/\/www.motif.es\/blog\/#\/schema\/person\/aac26ed80d8e02fb9525ec6b569d75e9"},"headline":"Trucos para vestir tu casa de verano de manera \u2018low cost\u2019","datePublished":"2021-07-06T15:21:19+00:00","dateModified":"2021-08-24T15:50:09+00:00","mainEntityOfPage":{"@id":"https:\/\/www.motif.es\/blog\/trucos-para-vestir-tu-casa-de-verano-de-manera-low-cost\/"},"wordCount":367,"commentCount":0,"publisher":{"@id":"https:\/\/www.motif.es\/blog\/#organization"},"image":{"@id":"https:\/\/www.motif.es\/blog\/trucos-para-vestir-tu-casa-de-verano-de-manera-low-cost\/#primaryimage"},"thumbnailUrl":"https:\/\/www.motif.es\/blog\/wp-content\/uploads\/2021\/08\/alfombra-vinilica-dream-beach.jpg","articleSection":["sobre alfombras vin\u00edlicas","sobre caminos de mesa","sobre manteles individuales","sobre papeles para pared autoadhesivos","sobre papeles pintados"],"inLanguage":"es","potentialAction":[{"@type":"CommentAction","name":"Comment","target":["https:\/\/www.motif.es\/blog\/trucos-para-vestir-tu-casa-de-verano-de-manera-low-cost\/#respond"]}]},{"@type":"WebPage","@id":"https:\/\/www.motif.es\/blog\/trucos-para-vestir-tu-casa-de-verano-de-manera-low-cost\/","url":"https:\/\/www.motif.es\/blog\/trucos-para-vestir-tu-casa-de-verano-de-manera-low-cost\/","name":"Trucos para vestir tu casa de verano de manera \u2018low cost\u2019 - Blog Motif","isPartOf":{"@id":"https:\/\/www.motif.es\/blog\/#website"},"primaryImageOfPage":{"@id":"https:\/\/www.motif.es\/blog\/trucos-para-vestir-tu-casa-de-verano-de-manera-low-cost\/#primaryimage"},"image":{"@id":"https:\/\/www.motif.es\/blog\/trucos-para-vestir-tu-casa-de-verano-de-manera-low-cost\/#primaryimage"},"thumbnailUrl":"https:\/\/www.motif.es\/blog\/wp-content\/uploads\/2021\/08\/alfombra-vinilica-dream-beach.jpg","datePublished":"2021-07-06T15:21:19+00:00","dateModified":"2021-08-24T15:50:09+00:00","description":"Si tu seg\u00fan la \u00e9poca del a\u00f1o sueles cambiar de vestuario, \u00bfpor qu\u00e9 no hacerlo con tu casa?, es m\u00e1s, te aseguramos que puedes hacerlo sin mucho coste y sin","breadcrumb":{"@id":"https:\/\/www.motif.es\/blog\/trucos-para-vestir-tu-casa-de-verano-de-manera-low-cost\/#breadcrumb"},"inLanguage":"es","potentialAction":[{"@type":"ReadAction","target":["https:\/\/www.motif.es\/blog\/trucos-para-vestir-tu-casa-de-verano-de-manera-low-cost\/"]}]},{"@type":"ImageObject","inLanguage":"es","@id":"https:\/\/www.motif.es\/blog\/trucos-para-vestir-tu-casa-de-verano-de-manera-low-cost\/#primaryimage","url":"https:\/\/www.motif.es\/blog\/wp-content\/uploads\/2021\/08\/alfombra-vinilica-dream-beach.jpg","contentUrl":"https:\/\/www.motif.es\/blog\/wp-content\/uploads\/2021\/08\/alfombra-vinilica-dream-beach.jpg","width":1000,"height":1000},{"@type":"BreadcrumbList","@id":"https:\/\/www.motif.es\/blog\/trucos-para-vestir-tu-casa-de-verano-de-manera-low-cost\/#breadcrumb","itemListElement":[{"@type":"ListItem","position":1,"name":"Blog","item":"https:\/\/www.motif.es\/blog\/"},{"@type":"ListItem","position":2,"name":"sobre manteles individuales","item":"https:\/\/www.motif.es\/blog\/category\/sobre-manteles-individuales\/"},{"@type":"ListItem","position":3,"name":"Trucos para vestir tu casa de verano de manera \u2018low cost\u2019"}]},{"@type":"WebSite","@id":"https:\/\/www.motif.es\/blog\/#website","url":"https:\/\/www.motif.es\/blog\/","name":"Blog Motif","description":"nuestro rinc\u00f3n para inspirarte","publisher":{"@id":"https:\/\/www.motif.es\/blog\/#organization"},"potentialAction":[{"@type":"SearchAction","target":{"@type":"EntryPoint","urlTemplate":"https:\/\/www.motif.es\/blog\/?s={search_term_string}"},"query-input":{"@type":"PropertyValueSpecification","valueRequired":true,"valueName":"search_term_string"}}],"inLanguage":"es"},{"@type":"Organization","@id":"https:\/\/www.motif.es\/blog\/#organization","name":"Motif Wallpapers S.L.U.","url":"https:\/\/www.motif.es\/blog\/","logo":{"@type":"ImageObject","inLanguage":"es","@id":"https:\/\/www.motif.es\/blog\/#\/schema\/logo\/image\/","url":"https:\/\/motif.es\/blog\/wp-content\/uploads\/2021\/06\/logo-motif.jpg","contentUrl":"https:\/\/motif.es\/blog\/wp-content\/uploads\/2021\/06\/logo-motif.jpg","width":464,"height":464,"caption":"Motif Wallpapers S.L.U."},"image":{"@id":"https:\/\/www.motif.es\/blog\/#\/schema\/logo\/image\/"},"sameAs":["https:\/\/www.facebook.com\/motifmorethanwalls\/","https:\/\/www.instagram.com\/motif_es\/?hl=es","https:\/\/www.pinterest.es\/motifwallpapers\/","https:\/\/www.youtube.com\/channel\/UCNaOmbxD6LjcQNj4vmfVIUg"]},{"@type":"Person","@id":"https:\/\/www.motif.es\/blog\/#\/schema\/person\/aac26ed80d8e02fb9525ec6b569d75e9","name":"Comunicaci\u00f3n Motif","image":{"@type":"ImageObject","inLanguage":"es","@id":"https:\/\/secure.gravatar.com\/avatar\/93b2fb49a03bd7a57b5f5e8c3b740113f14f25da86b090887d9353672de2d9b5?s=96&d=mm&r=g","url":"https:\/\/secure.gravatar.com\/avatar\/93b2fb49a03bd7a57b5f5e8c3b740113f14f25da86b090887d9353672de2d9b5?s=96&d=mm&r=g","contentUrl":"https:\/\/secure.gravatar.com\/avatar\/93b2fb49a03bd7a57b5f5e8c3b740113f14f25da86b090887d9353672de2d9b5?s=96&d=mm&r=g","caption":"Comunicaci\u00f3n Motif"},"url":"https:\/\/www.motif.es\/blog\/author\/comunicacion\/"}]}},"_links":{"self":[{"href":"https:\/\/www.motif.es\/blog\/wp-json\/wp\/v2\/posts\/908","targetHints":{"allow":["GET"]}}],"collection":[{"href":"https:\/\/www.motif.es\/blog\/wp-json\/wp\/v2\/posts"}],"about":[{"href":"https:\/\/www.motif.es\/blog\/wp-json\/wp\/v2\/types\/post"}],"author":[{"embeddable":true,"href":"https:\/\/www.motif.es\/blog\/wp-json\/wp\/v2\/users\/2"}],"replies":[{"embeddable":true,"href":"https:\/\/www.motif.es\/blog\/wp-json\/wp\/v2\/comments?post=908"}],"version-history":[{"count":1,"href":"https:\/\/www.motif.es\/blog\/wp-json\/wp\/v2\/posts\/908\/revisions"}],"predecessor-version":[{"id":914,"href":"https:\/\/www.motif.es\/blog\/wp-json\/wp\/v2\/posts\/908\/revisions\/914"}],"wp:featuredmedia":[{"embeddable":true,"href":"https:\/\/www.motif.es\/blog\/wp-json\/wp\/v2\/media\/910"}],"wp:attachment":[{"href":"https:\/\/www.motif.es\/blog\/wp-json\/wp\/v2\/media?parent=908"}],"wp:term":[{"taxonomy":"category","embeddable":true,"href":"https:\/\/www.motif.es\/blog\/wp-json\/wp\/v2\/categories?post=908"},{"taxonomy":"post_tag","embeddable":true,"href":"https:\/\/www.motif.es\/blog\/wp-json\/wp\/v2\/tags?post=908"}],"curies":[{"name":"wp","href":"https:\/\/api.w.org\/{rel}","templated":true}]}}