{"id":915,"date":"2021-07-08T15:52:04","date_gmt":"2021-07-08T15:52:04","guid":{"rendered":"https:\/\/motif.es\/blog\/?p=915"},"modified":"2021-08-24T16:34:24","modified_gmt":"2021-08-24T16:34:24","slug":"los-colores-que-estan-triunfando-en-decoracion-este-verano-2021","status":"publish","type":"post","link":"https:\/\/www.motif.es\/blog\/los-colores-que-estan-triunfando-en-decoracion-este-verano-2021\/","title":{"rendered":"Los colores que est\u00e1n triunfando en decoraci\u00f3n este verano 2021"},"content":{"rendered":"<p>Inmersos de lleno en un nuevo verano, un tanto at\u00edpico como lo fuera el anterior, pero del que todos estamos deseosos de disfrutar y vivir de sus colores, tambi\u00e9n en la <strong>decoraci\u00f3n de nuestros hogares<\/strong>, y para ello, parte responsable son los colores.<\/p>\n<p>\u00bfSabes los que est\u00e1n triunfando este verano?<\/p>\n<p>Sin duda los <strong>colores que m\u00e1s est\u00e1n arrasando en decoraci\u00f3n<\/strong> son principalmente los blancos y azules, tanto para la decoraci\u00f3n de interior como para la de exterior.<\/p>\n<p>\u00bfC\u00f3mo introducirlo en casa?<\/p>\n<p>Hay infinitas maneras como por ejemplo para introducir el azul, optar por recursos textiles como cojines o tambi\u00e9n elementos decorativos como jarrones, o incluso una <strong>alfombra vin\u00edlica<\/strong> que <a href=\"https:\/\/motif.es\/blog\/por-que-decimos-que-nuestras-alfombras-vinilicas-son-las-mas-higienicas\/\">solo aportar\u00e1 ventajas a tu casa<\/a>.<\/p>\n<p style=\"text-align: center;\"><img loading=\"lazy\" decoding=\"async\" class=\"alignnone size-full wp-image-917\" src=\"https:\/\/motif.es\/blog\/wp-content\/uploads\/2021\/08\/alfombra-vinilica-arabian-pastel-white-colores-del-verano.jpg\" alt=\"\" width=\"1000\" height=\"1000\" srcset=\"https:\/\/www.motif.es\/blog\/wp-content\/uploads\/2021\/08\/alfombra-vinilica-arabian-pastel-white-colores-del-verano.jpg 1000w, https:\/\/www.motif.es\/blog\/wp-content\/uploads\/2021\/08\/alfombra-vinilica-arabian-pastel-white-colores-del-verano-300x300.jpg 300w, https:\/\/www.motif.es\/blog\/wp-content\/uploads\/2021\/08\/alfombra-vinilica-arabian-pastel-white-colores-del-verano-150x150.jpg 150w, https:\/\/www.motif.es\/blog\/wp-content\/uploads\/2021\/08\/alfombra-vinilica-arabian-pastel-white-colores-del-verano-768x768.jpg 768w, https:\/\/www.motif.es\/blog\/wp-content\/uploads\/2021\/08\/alfombra-vinilica-arabian-pastel-white-colores-del-verano-400x400.jpg 400w, https:\/\/www.motif.es\/blog\/wp-content\/uploads\/2021\/08\/alfombra-vinilica-arabian-pastel-white-colores-del-verano-96x96.jpg 96w, https:\/\/www.motif.es\/blog\/wp-content\/uploads\/2021\/08\/alfombra-vinilica-arabian-pastel-white-colores-del-verano-640x640.jpg 640w\" sizes=\"auto, (max-width: 1000px) 100vw, 1000px\" \/><\/p>\n<p>Otros colores clave este verano est\u00e1n siendo los que evocan lo natural como la madera y en especial los tonos m\u00e1s neutros, combinados con muebles en tonos m\u00e1s c\u00e1lidos como el terracota.<\/p>\n<p>La inspiraci\u00f3n natural sigue siendo clave en los hogares.<\/p>\n<p>El verde tambi\u00e9n es uno de los <a href=\"https:\/\/www.angelcerda.com\/magazine\/es\/2021\/04\/29\/los-10-colores-tendencia-segun-pantone-para-este-verano-2021\/\">colores del verano<\/a>, un color que tambi\u00e9n dar\u00e1 un toque refrescante a la estancia donde lo introduzcas.<\/p>\n<p style=\"text-align: center;\"><img loading=\"lazy\" decoding=\"async\" class=\"alignnone size-full wp-image-918\" src=\"https:\/\/motif.es\/blog\/wp-content\/uploads\/2021\/08\/papel-autoadhesivo-cactus.jpg\" alt=\"\" width=\"1000\" height=\"1000\" srcset=\"https:\/\/www.motif.es\/blog\/wp-content\/uploads\/2021\/08\/papel-autoadhesivo-cactus.jpg 1000w, https:\/\/www.motif.es\/blog\/wp-content\/uploads\/2021\/08\/papel-autoadhesivo-cactus-300x300.jpg 300w, https:\/\/www.motif.es\/blog\/wp-content\/uploads\/2021\/08\/papel-autoadhesivo-cactus-150x150.jpg 150w, https:\/\/www.motif.es\/blog\/wp-content\/uploads\/2021\/08\/papel-autoadhesivo-cactus-768x768.jpg 768w, https:\/\/www.motif.es\/blog\/wp-content\/uploads\/2021\/08\/papel-autoadhesivo-cactus-640x640.jpg 640w, https:\/\/www.motif.es\/blog\/wp-content\/uploads\/2021\/08\/papel-autoadhesivo-cactus-96x96.jpg 96w\" sizes=\"auto, (max-width: 1000px) 100vw, 1000px\" \/><\/p>\n<p>\u00bfYa los tienes en tu casa?<\/p>\n","protected":false},"excerpt":{"rendered":"<p>Inmersos de lleno en un nuevo verano, un tanto at\u00edpico como lo fuera el anterior, pero del que todos estamos deseosos de disfrutar y vivir de sus colores, tambi\u00e9n en la decoraci\u00f3n de nuestros hogares, y para ello, parte responsable son los colores. \u00bfSabes los que est\u00e1n triunfando este verano? Sin duda los colores que [&#8230;]<\/p>\n","protected":false},"author":2,"featured_media":917,"comment_status":"open","ping_status":"open","sticky":false,"template":"","format":"standard","meta":{"_acf_changed":false,"footnotes":""},"categories":[9],"tags":[],"class_list":["post-915","post","type-post","status-publish","format-standard","has-post-thumbnail","hentry","category-inspirate"],"acf":[],"yoast_head":"<!-- This site is optimized with the Yoast SEO plugin v27.4 - https:\/\/yoast.com\/product\/yoast-seo-wordpress\/ -->\n<title>Los colores que est\u00e1n triunfando en decoraci\u00f3n este verano 2021 - Blog Motif<\/title>\n<meta name=\"description\" content=\"Inmersos de lleno en un nuevo verano, un tanto at\u00edpico como lo fuera el anterior, pero del que todos estamos deseosos de disfrutar y vivir de sus colores,\" \/>\n<meta name=\"robots\" content=\"index, follow, max-snippet:-1, max-image-preview:large, max-video-preview:-1\" \/>\n<link rel=\"canonical\" href=\"https:\/\/www.motif.es\/blog\/los-colores-que-estan-triunfando-en-decoracion-este-verano-2021\/\" \/>\n<meta property=\"og:locale\" content=\"es_ES\" \/>\n<meta property=\"og:type\" content=\"article\" \/>\n<meta property=\"og:title\" content=\"Los colores que est\u00e1n triunfando en decoraci\u00f3n este verano 2021 - Blog Motif\" \/>\n<meta property=\"og:description\" content=\"Inmersos de lleno en un nuevo verano, un tanto at\u00edpico como lo fuera el anterior, pero del que todos estamos deseosos de disfrutar y vivir de sus colores,\" \/>\n<meta property=\"og:url\" content=\"https:\/\/www.motif.es\/blog\/los-colores-que-estan-triunfando-en-decoracion-este-verano-2021\/\" \/>\n<meta property=\"og:site_name\" content=\"Blog Motif\" \/>\n<meta property=\"article:publisher\" content=\"https:\/\/www.facebook.com\/motifmorethanwalls\/\" \/>\n<meta property=\"article:published_time\" content=\"2021-07-08T15:52:04+00:00\" \/>\n<meta property=\"article:modified_time\" content=\"2021-08-24T16:34:24+00:00\" \/>\n<meta property=\"og:image\" content=\"https:\/\/www.motif.es\/blog\/wp-content\/uploads\/2021\/08\/alfombra-vinilica-arabian-pastel-white-colores-del-verano.jpg\" \/>\n\t<meta property=\"og:image:width\" content=\"1000\" \/>\n\t<meta property=\"og:image:height\" content=\"1000\" \/>\n\t<meta property=\"og:image:type\" content=\"image\/jpeg\" \/>\n<meta name=\"author\" content=\"Comunicaci\u00f3n Motif\" \/>\n<meta name=\"twitter:card\" content=\"summary_large_image\" \/>\n<meta name=\"twitter:label1\" content=\"Escrito por\" \/>\n\t<meta name=\"twitter:data1\" content=\"Comunicaci\u00f3n Motif\" \/>\n\t<meta name=\"twitter:label2\" content=\"Tiempo de lectura\" \/>\n\t<meta name=\"twitter:data2\" content=\"2 minutos\" \/>\n<script type=\"application\/ld+json\" class=\"yoast-schema-graph\">{\"@context\":\"https:\\\/\\\/schema.org\",\"@graph\":[{\"@type\":\"Article\",\"@id\":\"https:\\\/\\\/www.motif.es\\\/blog\\\/los-colores-que-estan-triunfando-en-decoracion-este-verano-2021\\\/#article\",\"isPartOf\":{\"@id\":\"https:\\\/\\\/www.motif.es\\\/blog\\\/los-colores-que-estan-triunfando-en-decoracion-este-verano-2021\\\/\"},\"author\":{\"name\":\"Comunicaci\u00f3n Motif\",\"@id\":\"https:\\\/\\\/www.motif.es\\\/blog\\\/#\\\/schema\\\/person\\\/aac26ed80d8e02fb9525ec6b569d75e9\"},\"headline\":\"Los colores que est\u00e1n triunfando en decoraci\u00f3n este verano 2021\",\"datePublished\":\"2021-07-08T15:52:04+00:00\",\"dateModified\":\"2021-08-24T16:34:24+00:00\",\"mainEntityOfPage\":{\"@id\":\"https:\\\/\\\/www.motif.es\\\/blog\\\/los-colores-que-estan-triunfando-en-decoracion-este-verano-2021\\\/\"},\"wordCount\":215,\"commentCount\":0,\"publisher\":{\"@id\":\"https:\\\/\\\/www.motif.es\\\/blog\\\/#organization\"},\"image\":{\"@id\":\"https:\\\/\\\/www.motif.es\\\/blog\\\/los-colores-que-estan-triunfando-en-decoracion-este-verano-2021\\\/#primaryimage\"},\"thumbnailUrl\":\"https:\\\/\\\/www.motif.es\\\/blog\\\/wp-content\\\/uploads\\\/2021\\\/08\\\/alfombra-vinilica-arabian-pastel-white-colores-del-verano.jpg\",\"articleSection\":[\"insp\u00edrate\"],\"inLanguage\":\"es\",\"potentialAction\":[{\"@type\":\"CommentAction\",\"name\":\"Comment\",\"target\":[\"https:\\\/\\\/www.motif.es\\\/blog\\\/los-colores-que-estan-triunfando-en-decoracion-este-verano-2021\\\/#respond\"]}]},{\"@type\":\"WebPage\",\"@id\":\"https:\\\/\\\/www.motif.es\\\/blog\\\/los-colores-que-estan-triunfando-en-decoracion-este-verano-2021\\\/\",\"url\":\"https:\\\/\\\/www.motif.es\\\/blog\\\/los-colores-que-estan-triunfando-en-decoracion-este-verano-2021\\\/\",\"name\":\"Los colores que est\u00e1n triunfando en decoraci\u00f3n este verano 2021 - Blog Motif\",\"isPartOf\":{\"@id\":\"https:\\\/\\\/www.motif.es\\\/blog\\\/#website\"},\"primaryImageOfPage\":{\"@id\":\"https:\\\/\\\/www.motif.es\\\/blog\\\/los-colores-que-estan-triunfando-en-decoracion-este-verano-2021\\\/#primaryimage\"},\"image\":{\"@id\":\"https:\\\/\\\/www.motif.es\\\/blog\\\/los-colores-que-estan-triunfando-en-decoracion-este-verano-2021\\\/#primaryimage\"},\"thumbnailUrl\":\"https:\\\/\\\/www.motif.es\\\/blog\\\/wp-content\\\/uploads\\\/2021\\\/08\\\/alfombra-vinilica-arabian-pastel-white-colores-del-verano.jpg\",\"datePublished\":\"2021-07-08T15:52:04+00:00\",\"dateModified\":\"2021-08-24T16:34:24+00:00\",\"description\":\"Inmersos de lleno en un nuevo verano, un tanto at\u00edpico como lo fuera el anterior, pero del que todos estamos deseosos de disfrutar y vivir de sus colores,\",\"breadcrumb\":{\"@id\":\"https:\\\/\\\/www.motif.es\\\/blog\\\/los-colores-que-estan-triunfando-en-decoracion-este-verano-2021\\\/#breadcrumb\"},\"inLanguage\":\"es\",\"potentialAction\":[{\"@type\":\"ReadAction\",\"target\":[\"https:\\\/\\\/www.motif.es\\\/blog\\\/los-colores-que-estan-triunfando-en-decoracion-este-verano-2021\\\/\"]}]},{\"@type\":\"ImageObject\",\"inLanguage\":\"es\",\"@id\":\"https:\\\/\\\/www.motif.es\\\/blog\\\/los-colores-que-estan-triunfando-en-decoracion-este-verano-2021\\\/#primaryimage\",\"url\":\"https:\\\/\\\/www.motif.es\\\/blog\\\/wp-content\\\/uploads\\\/2021\\\/08\\\/alfombra-vinilica-arabian-pastel-white-colores-del-verano.jpg\",\"contentUrl\":\"https:\\\/\\\/www.motif.es\\\/blog\\\/wp-content\\\/uploads\\\/2021\\\/08\\\/alfombra-vinilica-arabian-pastel-white-colores-del-verano.jpg\",\"width\":1000,\"height\":1000},{\"@type\":\"BreadcrumbList\",\"@id\":\"https:\\\/\\\/www.motif.es\\\/blog\\\/los-colores-que-estan-triunfando-en-decoracion-este-verano-2021\\\/#breadcrumb\",\"itemListElement\":[{\"@type\":\"ListItem\",\"position\":1,\"name\":\"Blog\",\"item\":\"https:\\\/\\\/www.motif.es\\\/blog\\\/\"},{\"@type\":\"ListItem\",\"position\":2,\"name\":\"insp\u00edrate\",\"item\":\"https:\\\/\\\/www.motif.es\\\/blog\\\/category\\\/inspirate\\\/\"},{\"@type\":\"ListItem\",\"position\":3,\"name\":\"Los colores que est\u00e1n triunfando en decoraci\u00f3n este verano 2021\"}]},{\"@type\":\"WebSite\",\"@id\":\"https:\\\/\\\/www.motif.es\\\/blog\\\/#website\",\"url\":\"https:\\\/\\\/www.motif.es\\\/blog\\\/\",\"name\":\"Blog Motif\",\"description\":\"nuestro rinc\u00f3n para inspirarte\",\"publisher\":{\"@id\":\"https:\\\/\\\/www.motif.es\\\/blog\\\/#organization\"},\"potentialAction\":[{\"@type\":\"SearchAction\",\"target\":{\"@type\":\"EntryPoint\",\"urlTemplate\":\"https:\\\/\\\/www.motif.es\\\/blog\\\/?s={search_term_string}\"},\"query-input\":{\"@type\":\"PropertyValueSpecification\",\"valueRequired\":true,\"valueName\":\"search_term_string\"}}],\"inLanguage\":\"es\"},{\"@type\":\"Organization\",\"@id\":\"https:\\\/\\\/www.motif.es\\\/blog\\\/#organization\",\"name\":\"Motif Wallpapers S.L.U.\",\"url\":\"https:\\\/\\\/www.motif.es\\\/blog\\\/\",\"logo\":{\"@type\":\"ImageObject\",\"inLanguage\":\"es\",\"@id\":\"https:\\\/\\\/www.motif.es\\\/blog\\\/#\\\/schema\\\/logo\\\/image\\\/\",\"url\":\"https:\\\/\\\/motif.es\\\/blog\\\/wp-content\\\/uploads\\\/2021\\\/06\\\/logo-motif.jpg\",\"contentUrl\":\"https:\\\/\\\/motif.es\\\/blog\\\/wp-content\\\/uploads\\\/2021\\\/06\\\/logo-motif.jpg\",\"width\":464,\"height\":464,\"caption\":\"Motif Wallpapers S.L.U.\"},\"image\":{\"@id\":\"https:\\\/\\\/www.motif.es\\\/blog\\\/#\\\/schema\\\/logo\\\/image\\\/\"},\"sameAs\":[\"https:\\\/\\\/www.facebook.com\\\/motifmorethanwalls\\\/\",\"https:\\\/\\\/www.instagram.com\\\/motif_es\\\/?hl=es\",\"https:\\\/\\\/www.pinterest.es\\\/motifwallpapers\\\/\",\"https:\\\/\\\/www.youtube.com\\\/channel\\\/UCNaOmbxD6LjcQNj4vmfVIUg\"]},{\"@type\":\"Person\",\"@id\":\"https:\\\/\\\/www.motif.es\\\/blog\\\/#\\\/schema\\\/person\\\/aac26ed80d8e02fb9525ec6b569d75e9\",\"name\":\"Comunicaci\u00f3n Motif\",\"image\":{\"@type\":\"ImageObject\",\"inLanguage\":\"es\",\"@id\":\"https:\\\/\\\/secure.gravatar.com\\\/avatar\\\/93b2fb49a03bd7a57b5f5e8c3b740113f14f25da86b090887d9353672de2d9b5?s=96&d=mm&r=g\",\"url\":\"https:\\\/\\\/secure.gravatar.com\\\/avatar\\\/93b2fb49a03bd7a57b5f5e8c3b740113f14f25da86b090887d9353672de2d9b5?s=96&d=mm&r=g\",\"contentUrl\":\"https:\\\/\\\/secure.gravatar.com\\\/avatar\\\/93b2fb49a03bd7a57b5f5e8c3b740113f14f25da86b090887d9353672de2d9b5?s=96&d=mm&r=g\",\"caption\":\"Comunicaci\u00f3n Motif\"},\"url\":\"https:\\\/\\\/www.motif.es\\\/blog\\\/author\\\/comunicacion\\\/\"}]}<\/script>\n<!-- \/ Yoast SEO plugin. -->","yoast_head_json":{"title":"Los colores que est\u00e1n triunfando en decoraci\u00f3n este verano 2021 - Blog Motif","description":"Inmersos de lleno en un nuevo verano, un tanto at\u00edpico como lo fuera el anterior, pero del que todos estamos deseosos de disfrutar y vivir de sus colores,","robots":{"index":"index","follow":"follow","max-snippet":"max-snippet:-1","max-image-preview":"max-image-preview:large","max-video-preview":"max-video-preview:-1"},"canonical":"https:\/\/www.motif.es\/blog\/los-colores-que-estan-triunfando-en-decoracion-este-verano-2021\/","og_locale":"es_ES","og_type":"article","og_title":"Los colores que est\u00e1n triunfando en decoraci\u00f3n este verano 2021 - Blog Motif","og_description":"Inmersos de lleno en un nuevo verano, un tanto at\u00edpico como lo fuera el anterior, pero del que todos estamos deseosos de disfrutar y vivir de sus colores,","og_url":"https:\/\/www.motif.es\/blog\/los-colores-que-estan-triunfando-en-decoracion-este-verano-2021\/","og_site_name":"Blog Motif","article_publisher":"https:\/\/www.facebook.com\/motifmorethanwalls\/","article_published_time":"2021-07-08T15:52:04+00:00","article_modified_time":"2021-08-24T16:34:24+00:00","og_image":[{"width":1000,"height":1000,"url":"https:\/\/www.motif.es\/blog\/wp-content\/uploads\/2021\/08\/alfombra-vinilica-arabian-pastel-white-colores-del-verano.jpg","type":"image\/jpeg"}],"author":"Comunicaci\u00f3n Motif","twitter_card":"summary_large_image","twitter_misc":{"Escrito por":"Comunicaci\u00f3n Motif","Tiempo de lectura":"2 minutos"},"schema":{"@context":"https:\/\/schema.org","@graph":[{"@type":"Article","@id":"https:\/\/www.motif.es\/blog\/los-colores-que-estan-triunfando-en-decoracion-este-verano-2021\/#article","isPartOf":{"@id":"https:\/\/www.motif.es\/blog\/los-colores-que-estan-triunfando-en-decoracion-este-verano-2021\/"},"author":{"name":"Comunicaci\u00f3n Motif","@id":"https:\/\/www.motif.es\/blog\/#\/schema\/person\/aac26ed80d8e02fb9525ec6b569d75e9"},"headline":"Los colores que est\u00e1n triunfando en decoraci\u00f3n este verano 2021","datePublished":"2021-07-08T15:52:04+00:00","dateModified":"2021-08-24T16:34:24+00:00","mainEntityOfPage":{"@id":"https:\/\/www.motif.es\/blog\/los-colores-que-estan-triunfando-en-decoracion-este-verano-2021\/"},"wordCount":215,"commentCount":0,"publisher":{"@id":"https:\/\/www.motif.es\/blog\/#organization"},"image":{"@id":"https:\/\/www.motif.es\/blog\/los-colores-que-estan-triunfando-en-decoracion-este-verano-2021\/#primaryimage"},"thumbnailUrl":"https:\/\/www.motif.es\/blog\/wp-content\/uploads\/2021\/08\/alfombra-vinilica-arabian-pastel-white-colores-del-verano.jpg","articleSection":["insp\u00edrate"],"inLanguage":"es","potentialAction":[{"@type":"CommentAction","name":"Comment","target":["https:\/\/www.motif.es\/blog\/los-colores-que-estan-triunfando-en-decoracion-este-verano-2021\/#respond"]}]},{"@type":"WebPage","@id":"https:\/\/www.motif.es\/blog\/los-colores-que-estan-triunfando-en-decoracion-este-verano-2021\/","url":"https:\/\/www.motif.es\/blog\/los-colores-que-estan-triunfando-en-decoracion-este-verano-2021\/","name":"Los colores que est\u00e1n triunfando en decoraci\u00f3n este verano 2021 - Blog Motif","isPartOf":{"@id":"https:\/\/www.motif.es\/blog\/#website"},"primaryImageOfPage":{"@id":"https:\/\/www.motif.es\/blog\/los-colores-que-estan-triunfando-en-decoracion-este-verano-2021\/#primaryimage"},"image":{"@id":"https:\/\/www.motif.es\/blog\/los-colores-que-estan-triunfando-en-decoracion-este-verano-2021\/#primaryimage"},"thumbnailUrl":"https:\/\/www.motif.es\/blog\/wp-content\/uploads\/2021\/08\/alfombra-vinilica-arabian-pastel-white-colores-del-verano.jpg","datePublished":"2021-07-08T15:52:04+00:00","dateModified":"2021-08-24T16:34:24+00:00","description":"Inmersos de lleno en un nuevo verano, un tanto at\u00edpico como lo fuera el anterior, pero del que todos estamos deseosos de disfrutar y vivir de sus colores,","breadcrumb":{"@id":"https:\/\/www.motif.es\/blog\/los-colores-que-estan-triunfando-en-decoracion-este-verano-2021\/#breadcrumb"},"inLanguage":"es","potentialAction":[{"@type":"ReadAction","target":["https:\/\/www.motif.es\/blog\/los-colores-que-estan-triunfando-en-decoracion-este-verano-2021\/"]}]},{"@type":"ImageObject","inLanguage":"es","@id":"https:\/\/www.motif.es\/blog\/los-colores-que-estan-triunfando-en-decoracion-este-verano-2021\/#primaryimage","url":"https:\/\/www.motif.es\/blog\/wp-content\/uploads\/2021\/08\/alfombra-vinilica-arabian-pastel-white-colores-del-verano.jpg","contentUrl":"https:\/\/www.motif.es\/blog\/wp-content\/uploads\/2021\/08\/alfombra-vinilica-arabian-pastel-white-colores-del-verano.jpg","width":1000,"height":1000},{"@type":"BreadcrumbList","@id":"https:\/\/www.motif.es\/blog\/los-colores-que-estan-triunfando-en-decoracion-este-verano-2021\/#breadcrumb","itemListElement":[{"@type":"ListItem","position":1,"name":"Blog","item":"https:\/\/www.motif.es\/blog\/"},{"@type":"ListItem","position":2,"name":"insp\u00edrate","item":"https:\/\/www.motif.es\/blog\/category\/inspirate\/"},{"@type":"ListItem","position":3,"name":"Los colores que est\u00e1n triunfando en decoraci\u00f3n este verano 2021"}]},{"@type":"WebSite","@id":"https:\/\/www.motif.es\/blog\/#website","url":"https:\/\/www.motif.es\/blog\/","name":"Blog Motif","description":"nuestro rinc\u00f3n para inspirarte","publisher":{"@id":"https:\/\/www.motif.es\/blog\/#organization"},"potentialAction":[{"@type":"SearchAction","target":{"@type":"EntryPoint","urlTemplate":"https:\/\/www.motif.es\/blog\/?s={search_term_string}"},"query-input":{"@type":"PropertyValueSpecification","valueRequired":true,"valueName":"search_term_string"}}],"inLanguage":"es"},{"@type":"Organization","@id":"https:\/\/www.motif.es\/blog\/#organization","name":"Motif Wallpapers S.L.U.","url":"https:\/\/www.motif.es\/blog\/","logo":{"@type":"ImageObject","inLanguage":"es","@id":"https:\/\/www.motif.es\/blog\/#\/schema\/logo\/image\/","url":"https:\/\/motif.es\/blog\/wp-content\/uploads\/2021\/06\/logo-motif.jpg","contentUrl":"https:\/\/motif.es\/blog\/wp-content\/uploads\/2021\/06\/logo-motif.jpg","width":464,"height":464,"caption":"Motif Wallpapers S.L.U."},"image":{"@id":"https:\/\/www.motif.es\/blog\/#\/schema\/logo\/image\/"},"sameAs":["https:\/\/www.facebook.com\/motifmorethanwalls\/","https:\/\/www.instagram.com\/motif_es\/?hl=es","https:\/\/www.pinterest.es\/motifwallpapers\/","https:\/\/www.youtube.com\/channel\/UCNaOmbxD6LjcQNj4vmfVIUg"]},{"@type":"Person","@id":"https:\/\/www.motif.es\/blog\/#\/schema\/person\/aac26ed80d8e02fb9525ec6b569d75e9","name":"Comunicaci\u00f3n Motif","image":{"@type":"ImageObject","inLanguage":"es","@id":"https:\/\/secure.gravatar.com\/avatar\/93b2fb49a03bd7a57b5f5e8c3b740113f14f25da86b090887d9353672de2d9b5?s=96&d=mm&r=g","url":"https:\/\/secure.gravatar.com\/avatar\/93b2fb49a03bd7a57b5f5e8c3b740113f14f25da86b090887d9353672de2d9b5?s=96&d=mm&r=g","contentUrl":"https:\/\/secure.gravatar.com\/avatar\/93b2fb49a03bd7a57b5f5e8c3b740113f14f25da86b090887d9353672de2d9b5?s=96&d=mm&r=g","caption":"Comunicaci\u00f3n Motif"},"url":"https:\/\/www.motif.es\/blog\/author\/comunicacion\/"}]}},"_links":{"self":[{"href":"https:\/\/www.motif.es\/blog\/wp-json\/wp\/v2\/posts\/915","targetHints":{"allow":["GET"]}}],"collection":[{"href":"https:\/\/www.motif.es\/blog\/wp-json\/wp\/v2\/posts"}],"about":[{"href":"https:\/\/www.motif.es\/blog\/wp-json\/wp\/v2\/types\/post"}],"author":[{"embeddable":true,"href":"https:\/\/www.motif.es\/blog\/wp-json\/wp\/v2\/users\/2"}],"replies":[{"embeddable":true,"href":"https:\/\/www.motif.es\/blog\/wp-json\/wp\/v2\/comments?post=915"}],"version-history":[{"count":1,"href":"https:\/\/www.motif.es\/blog\/wp-json\/wp\/v2\/posts\/915\/revisions"}],"predecessor-version":[{"id":919,"href":"https:\/\/www.motif.es\/blog\/wp-json\/wp\/v2\/posts\/915\/revisions\/919"}],"wp:featuredmedia":[{"embeddable":true,"href":"https:\/\/www.motif.es\/blog\/wp-json\/wp\/v2\/media\/917"}],"wp:attachment":[{"href":"https:\/\/www.motif.es\/blog\/wp-json\/wp\/v2\/media?parent=915"}],"wp:term":[{"taxonomy":"category","embeddable":true,"href":"https:\/\/www.motif.es\/blog\/wp-json\/wp\/v2\/categories?post=915"},{"taxonomy":"post_tag","embeddable":true,"href":"https:\/\/www.motif.es\/blog\/wp-json\/wp\/v2\/tags?post=915"}],"curies":[{"name":"wp","href":"https:\/\/api.w.org\/{rel}","templated":true}]}}