{"id":970,"date":"2021-09-03T12:05:44","date_gmt":"2021-09-03T12:05:44","guid":{"rendered":"https:\/\/motif.es\/blog\/?p=970"},"modified":"2021-09-06T12:26:44","modified_gmt":"2021-09-06T12:26:44","slug":"enmarcate-un-motif-con-el-descuento-del-35-en-nuestras-laminas-decorativas","status":"publish","type":"post","link":"https:\/\/www.motif.es\/blog\/enmarcate-un-motif-con-el-descuento-del-35-en-nuestras-laminas-decorativas\/","title":{"rendered":"(En)Marcate un MOTIF con el descuento del 35% en nuestras l\u00e1minas decorativas"},"content":{"rendered":"<p>Septiembre tambi\u00e9n llega cargado de buenas noticias para que sigas <strong>convirtiendo tu hogar en tu hogar favorito<\/strong>, as\u00ed que para que cada vez te queden menos escusas, hemos bajado todas nuestras colecciones de l\u00e1minas un 35% de su precio.<\/p>\n<p>\u00bfQu\u00e9 te parece? Sin duda, es una promoci\u00f3n muy tentadora, pero no quer\u00edamos que quedara ah\u00ed&#8230; y no quedar\u00e1 porque adem\u00e1s, entre todos los que hagan pedidos de l\u00e1minas desde hoy 3 de septiembre hasta el 10 de este mismo mes, hasta que acabe el d\u00eda, sortearemos un vale valorado en 100\u20ac canjeables en productos MOTIF.<\/p>\n<p style=\"text-align: center;\"><img loading=\"lazy\" decoding=\"async\" class=\"alignnone size-full wp-image-976\" src=\"https:\/\/motif.es\/blog\/wp-content\/uploads\/2021\/09\/BANNER-LAMINAS-CUADRADO-1.jpg\" alt=\"\" width=\"1100\" height=\"1100\" srcset=\"https:\/\/www.motif.es\/blog\/wp-content\/uploads\/2021\/09\/BANNER-LAMINAS-CUADRADO-1.jpg 1100w, https:\/\/www.motif.es\/blog\/wp-content\/uploads\/2021\/09\/BANNER-LAMINAS-CUADRADO-1-300x300.jpg 300w, https:\/\/www.motif.es\/blog\/wp-content\/uploads\/2021\/09\/BANNER-LAMINAS-CUADRADO-1-1024x1024.jpg 1024w, https:\/\/www.motif.es\/blog\/wp-content\/uploads\/2021\/09\/BANNER-LAMINAS-CUADRADO-1-150x150.jpg 150w, https:\/\/www.motif.es\/blog\/wp-content\/uploads\/2021\/09\/BANNER-LAMINAS-CUADRADO-1-768x768.jpg 768w, https:\/\/www.motif.es\/blog\/wp-content\/uploads\/2021\/09\/BANNER-LAMINAS-CUADRADO-1-400x400.jpg 400w, https:\/\/www.motif.es\/blog\/wp-content\/uploads\/2021\/09\/BANNER-LAMINAS-CUADRADO-1-96x96.jpg 96w\" sizes=\"auto, (max-width: 1100px) 100vw, 1100px\" \/><\/p>\n<p><strong>Entra en nuestra secci\u00f3n de l\u00e1minas<\/strong> y encuentra la que m\u00e1s te guste y sigue haciendo de tu casa, tu lugar especial porque hay dise\u00f1os perfectos para cualquier estancia, desde una habitaci\u00f3n infantil como son las l\u00e1minas de la colecci\u00f3n flowerland, o para tu cuarto de la colada, tu cocina, habitaci\u00f3n o sal\u00f3n.<\/p>\n<p><a href=\"https:\/\/decoracion2.com\/opendeco\/decorar-con-laminas\/\">Decide como ponerlas<\/a>, y manos a la obra.<\/p>\n<h5>Colecci\u00f3n Flowerland.<\/h5>\n<p style=\"text-align: center;\"><img loading=\"lazy\" decoding=\"async\" class=\"alignnone size-full wp-image-972\" src=\"https:\/\/motif.es\/blog\/wp-content\/uploads\/2021\/09\/coleccion-Flowerland.jpg\" alt=\"\" width=\"1000\" height=\"1000\" srcset=\"https:\/\/www.motif.es\/blog\/wp-content\/uploads\/2021\/09\/coleccion-Flowerland.jpg 1000w, https:\/\/www.motif.es\/blog\/wp-content\/uploads\/2021\/09\/coleccion-Flowerland-300x300.jpg 300w, https:\/\/www.motif.es\/blog\/wp-content\/uploads\/2021\/09\/coleccion-Flowerland-150x150.jpg 150w, https:\/\/www.motif.es\/blog\/wp-content\/uploads\/2021\/09\/coleccion-Flowerland-768x768.jpg 768w, https:\/\/www.motif.es\/blog\/wp-content\/uploads\/2021\/09\/coleccion-Flowerland-96x96.jpg 96w\" sizes=\"auto, (max-width: 1000px) 100vw, 1000px\" \/><\/p>\n<h5>Colecci\u00f3n Hipster.<\/h5>\n<p><img loading=\"lazy\" decoding=\"async\" class=\"alignnone size-full wp-image-973\" src=\"https:\/\/motif.es\/blog\/wp-content\/uploads\/2021\/09\/coleccion-hipster.jpg\" alt=\"\" width=\"1000\" height=\"1000\" srcset=\"https:\/\/www.motif.es\/blog\/wp-content\/uploads\/2021\/09\/coleccion-hipster.jpg 1000w, https:\/\/www.motif.es\/blog\/wp-content\/uploads\/2021\/09\/coleccion-hipster-300x300.jpg 300w, https:\/\/www.motif.es\/blog\/wp-content\/uploads\/2021\/09\/coleccion-hipster-150x150.jpg 150w, https:\/\/www.motif.es\/blog\/wp-content\/uploads\/2021\/09\/coleccion-hipster-768x768.jpg 768w, https:\/\/www.motif.es\/blog\/wp-content\/uploads\/2021\/09\/coleccion-hipster-96x96.jpg 96w\" sizes=\"auto, (max-width: 1000px) 100vw, 1000px\" \/><\/p>\n<h5>\u00a1Novedad! Colecci\u00f3n Wash.<\/h5>\n<p><img loading=\"lazy\" decoding=\"async\" class=\"alignnone size-full wp-image-974\" src=\"https:\/\/motif.es\/blog\/wp-content\/uploads\/2021\/09\/coleccion-wash.jpg\" alt=\"\" width=\"1000\" height=\"1000\" srcset=\"https:\/\/www.motif.es\/blog\/wp-content\/uploads\/2021\/09\/coleccion-wash.jpg 1000w, https:\/\/www.motif.es\/blog\/wp-content\/uploads\/2021\/09\/coleccion-wash-300x300.jpg 300w, https:\/\/www.motif.es\/blog\/wp-content\/uploads\/2021\/09\/coleccion-wash-150x150.jpg 150w, https:\/\/www.motif.es\/blog\/wp-content\/uploads\/2021\/09\/coleccion-wash-768x768.jpg 768w, https:\/\/www.motif.es\/blog\/wp-content\/uploads\/2021\/09\/coleccion-wash-96x96.jpg 96w\" sizes=\"auto, (max-width: 1000px) 100vw, 1000px\" \/><\/p>\n<h5>Colecci\u00f3n Nude.<\/h5>\n<p><img loading=\"lazy\" decoding=\"async\" class=\"alignnone size-full wp-image-975\" src=\"https:\/\/motif.es\/blog\/wp-content\/uploads\/2021\/09\/coleccion-nude.jpg\" alt=\"\" width=\"1000\" height=\"1000\" srcset=\"https:\/\/www.motif.es\/blog\/wp-content\/uploads\/2021\/09\/coleccion-nude.jpg 1000w, https:\/\/www.motif.es\/blog\/wp-content\/uploads\/2021\/09\/coleccion-nude-300x300.jpg 300w, https:\/\/www.motif.es\/blog\/wp-content\/uploads\/2021\/09\/coleccion-nude-150x150.jpg 150w, https:\/\/www.motif.es\/blog\/wp-content\/uploads\/2021\/09\/coleccion-nude-768x768.jpg 768w, https:\/\/www.motif.es\/blog\/wp-content\/uploads\/2021\/09\/coleccion-nude-96x96.jpg 96w\" sizes=\"auto, (max-width: 1000px) 100vw, 1000px\" \/><\/p>\n<p>&nbsp;<\/p>\n<p>Y mucho m\u00e1s. Empieza a cotillear desde <a href=\"https:\/\/www.motif.es\/125-sets-de-laminas\" target=\"_blank\" rel=\"noopener\">aqu\u00ed<\/a>.<\/p>\n<p>&nbsp;<\/p>\n<p>&nbsp;<\/p>\n","protected":false},"excerpt":{"rendered":"<p>Septiembre tambi\u00e9n llega cargado de buenas noticias para que sigas convirtiendo tu hogar en tu hogar favorito, as\u00ed que para que cada vez te queden menos escusas, hemos bajado todas nuestras colecciones de l\u00e1minas un 35% de su precio. \u00bfQu\u00e9 te parece? Sin duda, es una promoci\u00f3n muy tentadora, pero no quer\u00edamos que quedara ah\u00ed&#8230; [&#8230;]<\/p>\n","protected":false},"author":2,"featured_media":976,"comment_status":"open","ping_status":"open","sticky":false,"template":"","format":"standard","meta":{"_acf_changed":false,"footnotes":""},"categories":[13,15],"tags":[],"class_list":["post-970","post","type-post","status-publish","format-standard","has-post-thumbnail","hentry","category-sobre-laminas-decoracion","category-sobre-motif"],"acf":[],"yoast_head":"<!-- This site is optimized with the Yoast SEO plugin v27.5 - https:\/\/yoast.com\/product\/yoast-seo-wordpress\/ -->\n<title>(En)Marcate un MOTIF con el descuento del 35% en nuestras l\u00e1minas decorativas - Blog Motif<\/title>\n<meta name=\"description\" content=\"Septiembre tambi\u00e9n llega cargado de buenas noticias para que sigas convirtiendo tu hogar en tu hogar favorito, as\u00ed que para que cada vez te queden menos\" \/>\n<meta name=\"robots\" content=\"index, follow, max-snippet:-1, max-image-preview:large, max-video-preview:-1\" \/>\n<link rel=\"canonical\" href=\"https:\/\/www.motif.es\/blog\/enmarcate-un-motif-con-el-descuento-del-35-en-nuestras-laminas-decorativas\/\" \/>\n<meta property=\"og:locale\" content=\"es_ES\" \/>\n<meta property=\"og:type\" content=\"article\" \/>\n<meta property=\"og:title\" content=\"(En)Marcate un MOTIF con el descuento del 35% en nuestras l\u00e1minas decorativas - Blog Motif\" \/>\n<meta property=\"og:description\" content=\"Septiembre tambi\u00e9n llega cargado de buenas noticias para que sigas convirtiendo tu hogar en tu hogar favorito, as\u00ed que para que cada vez te queden menos\" \/>\n<meta property=\"og:url\" content=\"https:\/\/www.motif.es\/blog\/enmarcate-un-motif-con-el-descuento-del-35-en-nuestras-laminas-decorativas\/\" \/>\n<meta property=\"og:site_name\" content=\"Blog Motif\" \/>\n<meta property=\"article:publisher\" content=\"https:\/\/www.facebook.com\/motifmorethanwalls\/\" \/>\n<meta property=\"article:published_time\" content=\"2021-09-03T12:05:44+00:00\" \/>\n<meta property=\"article:modified_time\" content=\"2021-09-06T12:26:44+00:00\" \/>\n<meta property=\"og:image\" content=\"https:\/\/www.motif.es\/blog\/wp-content\/uploads\/2021\/09\/BANNER-LAMINAS-CUADRADO-1.jpg\" \/>\n\t<meta property=\"og:image:width\" content=\"1100\" \/>\n\t<meta property=\"og:image:height\" content=\"1100\" \/>\n\t<meta property=\"og:image:type\" content=\"image\/jpeg\" \/>\n<meta name=\"author\" content=\"Comunicaci\u00f3n Motif\" \/>\n<meta name=\"twitter:card\" content=\"summary_large_image\" \/>\n<meta name=\"twitter:label1\" content=\"Escrito por\" \/>\n\t<meta name=\"twitter:data1\" content=\"Comunicaci\u00f3n Motif\" \/>\n\t<meta name=\"twitter:label2\" content=\"Tiempo de lectura\" \/>\n\t<meta name=\"twitter:data2\" content=\"2 minutos\" \/>\n<script type=\"application\/ld+json\" class=\"yoast-schema-graph\">{\"@context\":\"https:\\\/\\\/schema.org\",\"@graph\":[{\"@type\":\"Article\",\"@id\":\"https:\\\/\\\/www.motif.es\\\/blog\\\/enmarcate-un-motif-con-el-descuento-del-35-en-nuestras-laminas-decorativas\\\/#article\",\"isPartOf\":{\"@id\":\"https:\\\/\\\/www.motif.es\\\/blog\\\/enmarcate-un-motif-con-el-descuento-del-35-en-nuestras-laminas-decorativas\\\/\"},\"author\":{\"name\":\"Comunicaci\u00f3n Motif\",\"@id\":\"https:\\\/\\\/www.motif.es\\\/blog\\\/#\\\/schema\\\/person\\\/aac26ed80d8e02fb9525ec6b569d75e9\"},\"headline\":\"(En)Marcate un MOTIF con el descuento del 35% en nuestras l\u00e1minas decorativas\",\"datePublished\":\"2021-09-03T12:05:44+00:00\",\"dateModified\":\"2021-09-06T12:26:44+00:00\",\"mainEntityOfPage\":{\"@id\":\"https:\\\/\\\/www.motif.es\\\/blog\\\/enmarcate-un-motif-con-el-descuento-del-35-en-nuestras-laminas-decorativas\\\/\"},\"wordCount\":206,\"commentCount\":0,\"publisher\":{\"@id\":\"https:\\\/\\\/www.motif.es\\\/blog\\\/#organization\"},\"image\":{\"@id\":\"https:\\\/\\\/www.motif.es\\\/blog\\\/enmarcate-un-motif-con-el-descuento-del-35-en-nuestras-laminas-decorativas\\\/#primaryimage\"},\"thumbnailUrl\":\"https:\\\/\\\/www.motif.es\\\/blog\\\/wp-content\\\/uploads\\\/2021\\\/09\\\/BANNER-LAMINAS-CUADRADO-1.jpg\",\"articleSection\":[\"sobre l\u00e1minas decoraci\u00f3n\",\"sobre MOTIF\"],\"inLanguage\":\"es\",\"potentialAction\":[{\"@type\":\"CommentAction\",\"name\":\"Comment\",\"target\":[\"https:\\\/\\\/www.motif.es\\\/blog\\\/enmarcate-un-motif-con-el-descuento-del-35-en-nuestras-laminas-decorativas\\\/#respond\"]}]},{\"@type\":\"WebPage\",\"@id\":\"https:\\\/\\\/www.motif.es\\\/blog\\\/enmarcate-un-motif-con-el-descuento-del-35-en-nuestras-laminas-decorativas\\\/\",\"url\":\"https:\\\/\\\/www.motif.es\\\/blog\\\/enmarcate-un-motif-con-el-descuento-del-35-en-nuestras-laminas-decorativas\\\/\",\"name\":\"(En)Marcate un MOTIF con el descuento del 35% en nuestras l\u00e1minas decorativas - Blog Motif\",\"isPartOf\":{\"@id\":\"https:\\\/\\\/www.motif.es\\\/blog\\\/#website\"},\"primaryImageOfPage\":{\"@id\":\"https:\\\/\\\/www.motif.es\\\/blog\\\/enmarcate-un-motif-con-el-descuento-del-35-en-nuestras-laminas-decorativas\\\/#primaryimage\"},\"image\":{\"@id\":\"https:\\\/\\\/www.motif.es\\\/blog\\\/enmarcate-un-motif-con-el-descuento-del-35-en-nuestras-laminas-decorativas\\\/#primaryimage\"},\"thumbnailUrl\":\"https:\\\/\\\/www.motif.es\\\/blog\\\/wp-content\\\/uploads\\\/2021\\\/09\\\/BANNER-LAMINAS-CUADRADO-1.jpg\",\"datePublished\":\"2021-09-03T12:05:44+00:00\",\"dateModified\":\"2021-09-06T12:26:44+00:00\",\"description\":\"Septiembre tambi\u00e9n llega cargado de buenas noticias para que sigas convirtiendo tu hogar en tu hogar favorito, as\u00ed que para que cada vez te queden menos\",\"breadcrumb\":{\"@id\":\"https:\\\/\\\/www.motif.es\\\/blog\\\/enmarcate-un-motif-con-el-descuento-del-35-en-nuestras-laminas-decorativas\\\/#breadcrumb\"},\"inLanguage\":\"es\",\"potentialAction\":[{\"@type\":\"ReadAction\",\"target\":[\"https:\\\/\\\/www.motif.es\\\/blog\\\/enmarcate-un-motif-con-el-descuento-del-35-en-nuestras-laminas-decorativas\\\/\"]}]},{\"@type\":\"ImageObject\",\"inLanguage\":\"es\",\"@id\":\"https:\\\/\\\/www.motif.es\\\/blog\\\/enmarcate-un-motif-con-el-descuento-del-35-en-nuestras-laminas-decorativas\\\/#primaryimage\",\"url\":\"https:\\\/\\\/www.motif.es\\\/blog\\\/wp-content\\\/uploads\\\/2021\\\/09\\\/BANNER-LAMINAS-CUADRADO-1.jpg\",\"contentUrl\":\"https:\\\/\\\/www.motif.es\\\/blog\\\/wp-content\\\/uploads\\\/2021\\\/09\\\/BANNER-LAMINAS-CUADRADO-1.jpg\",\"width\":1100,\"height\":1100},{\"@type\":\"BreadcrumbList\",\"@id\":\"https:\\\/\\\/www.motif.es\\\/blog\\\/enmarcate-un-motif-con-el-descuento-del-35-en-nuestras-laminas-decorativas\\\/#breadcrumb\",\"itemListElement\":[{\"@type\":\"ListItem\",\"position\":1,\"name\":\"Blog\",\"item\":\"https:\\\/\\\/www.motif.es\\\/blog\\\/\"},{\"@type\":\"ListItem\",\"position\":2,\"name\":\"sobre MOTIF\",\"item\":\"https:\\\/\\\/www.motif.es\\\/blog\\\/category\\\/sobre-motif\\\/\"},{\"@type\":\"ListItem\",\"position\":3,\"name\":\"(En)Marcate un MOTIF con el descuento del 35% en nuestras l\u00e1minas decorativas\"}]},{\"@type\":\"WebSite\",\"@id\":\"https:\\\/\\\/www.motif.es\\\/blog\\\/#website\",\"url\":\"https:\\\/\\\/www.motif.es\\\/blog\\\/\",\"name\":\"Blog Motif\",\"description\":\"nuestro rinc\u00f3n para inspirarte\",\"publisher\":{\"@id\":\"https:\\\/\\\/www.motif.es\\\/blog\\\/#organization\"},\"potentialAction\":[{\"@type\":\"SearchAction\",\"target\":{\"@type\":\"EntryPoint\",\"urlTemplate\":\"https:\\\/\\\/www.motif.es\\\/blog\\\/?s={search_term_string}\"},\"query-input\":{\"@type\":\"PropertyValueSpecification\",\"valueRequired\":true,\"valueName\":\"search_term_string\"}}],\"inLanguage\":\"es\"},{\"@type\":\"Organization\",\"@id\":\"https:\\\/\\\/www.motif.es\\\/blog\\\/#organization\",\"name\":\"Motif Wallpapers S.L.U.\",\"url\":\"https:\\\/\\\/www.motif.es\\\/blog\\\/\",\"logo\":{\"@type\":\"ImageObject\",\"inLanguage\":\"es\",\"@id\":\"https:\\\/\\\/www.motif.es\\\/blog\\\/#\\\/schema\\\/logo\\\/image\\\/\",\"url\":\"https:\\\/\\\/motif.es\\\/blog\\\/wp-content\\\/uploads\\\/2021\\\/06\\\/logo-motif.jpg\",\"contentUrl\":\"https:\\\/\\\/motif.es\\\/blog\\\/wp-content\\\/uploads\\\/2021\\\/06\\\/logo-motif.jpg\",\"width\":464,\"height\":464,\"caption\":\"Motif Wallpapers S.L.U.\"},\"image\":{\"@id\":\"https:\\\/\\\/www.motif.es\\\/blog\\\/#\\\/schema\\\/logo\\\/image\\\/\"},\"sameAs\":[\"https:\\\/\\\/www.facebook.com\\\/motifmorethanwalls\\\/\",\"https:\\\/\\\/www.instagram.com\\\/motif_es\\\/?hl=es\",\"https:\\\/\\\/www.pinterest.es\\\/motifwallpapers\\\/\",\"https:\\\/\\\/www.youtube.com\\\/channel\\\/UCNaOmbxD6LjcQNj4vmfVIUg\"]},{\"@type\":\"Person\",\"@id\":\"https:\\\/\\\/www.motif.es\\\/blog\\\/#\\\/schema\\\/person\\\/aac26ed80d8e02fb9525ec6b569d75e9\",\"name\":\"Comunicaci\u00f3n Motif\",\"image\":{\"@type\":\"ImageObject\",\"inLanguage\":\"es\",\"@id\":\"https:\\\/\\\/secure.gravatar.com\\\/avatar\\\/93b2fb49a03bd7a57b5f5e8c3b740113f14f25da86b090887d9353672de2d9b5?s=96&d=mm&r=g\",\"url\":\"https:\\\/\\\/secure.gravatar.com\\\/avatar\\\/93b2fb49a03bd7a57b5f5e8c3b740113f14f25da86b090887d9353672de2d9b5?s=96&d=mm&r=g\",\"contentUrl\":\"https:\\\/\\\/secure.gravatar.com\\\/avatar\\\/93b2fb49a03bd7a57b5f5e8c3b740113f14f25da86b090887d9353672de2d9b5?s=96&d=mm&r=g\",\"caption\":\"Comunicaci\u00f3n Motif\"},\"url\":\"https:\\\/\\\/www.motif.es\\\/blog\\\/author\\\/comunicacion\\\/\"}]}<\/script>\n<!-- \/ Yoast SEO plugin. -->","yoast_head_json":{"title":"(En)Marcate un MOTIF con el descuento del 35% en nuestras l\u00e1minas decorativas - Blog Motif","description":"Septiembre tambi\u00e9n llega cargado de buenas noticias para que sigas convirtiendo tu hogar en tu hogar favorito, as\u00ed que para que cada vez te queden menos","robots":{"index":"index","follow":"follow","max-snippet":"max-snippet:-1","max-image-preview":"max-image-preview:large","max-video-preview":"max-video-preview:-1"},"canonical":"https:\/\/www.motif.es\/blog\/enmarcate-un-motif-con-el-descuento-del-35-en-nuestras-laminas-decorativas\/","og_locale":"es_ES","og_type":"article","og_title":"(En)Marcate un MOTIF con el descuento del 35% en nuestras l\u00e1minas decorativas - Blog Motif","og_description":"Septiembre tambi\u00e9n llega cargado de buenas noticias para que sigas convirtiendo tu hogar en tu hogar favorito, as\u00ed que para que cada vez te queden menos","og_url":"https:\/\/www.motif.es\/blog\/enmarcate-un-motif-con-el-descuento-del-35-en-nuestras-laminas-decorativas\/","og_site_name":"Blog Motif","article_publisher":"https:\/\/www.facebook.com\/motifmorethanwalls\/","article_published_time":"2021-09-03T12:05:44+00:00","article_modified_time":"2021-09-06T12:26:44+00:00","og_image":[{"width":1100,"height":1100,"url":"https:\/\/www.motif.es\/blog\/wp-content\/uploads\/2021\/09\/BANNER-LAMINAS-CUADRADO-1.jpg","type":"image\/jpeg"}],"author":"Comunicaci\u00f3n Motif","twitter_card":"summary_large_image","twitter_misc":{"Escrito por":"Comunicaci\u00f3n Motif","Tiempo de lectura":"2 minutos"},"schema":{"@context":"https:\/\/schema.org","@graph":[{"@type":"Article","@id":"https:\/\/www.motif.es\/blog\/enmarcate-un-motif-con-el-descuento-del-35-en-nuestras-laminas-decorativas\/#article","isPartOf":{"@id":"https:\/\/www.motif.es\/blog\/enmarcate-un-motif-con-el-descuento-del-35-en-nuestras-laminas-decorativas\/"},"author":{"name":"Comunicaci\u00f3n Motif","@id":"https:\/\/www.motif.es\/blog\/#\/schema\/person\/aac26ed80d8e02fb9525ec6b569d75e9"},"headline":"(En)Marcate un MOTIF con el descuento del 35% en nuestras l\u00e1minas decorativas","datePublished":"2021-09-03T12:05:44+00:00","dateModified":"2021-09-06T12:26:44+00:00","mainEntityOfPage":{"@id":"https:\/\/www.motif.es\/blog\/enmarcate-un-motif-con-el-descuento-del-35-en-nuestras-laminas-decorativas\/"},"wordCount":206,"commentCount":0,"publisher":{"@id":"https:\/\/www.motif.es\/blog\/#organization"},"image":{"@id":"https:\/\/www.motif.es\/blog\/enmarcate-un-motif-con-el-descuento-del-35-en-nuestras-laminas-decorativas\/#primaryimage"},"thumbnailUrl":"https:\/\/www.motif.es\/blog\/wp-content\/uploads\/2021\/09\/BANNER-LAMINAS-CUADRADO-1.jpg","articleSection":["sobre l\u00e1minas decoraci\u00f3n","sobre MOTIF"],"inLanguage":"es","potentialAction":[{"@type":"CommentAction","name":"Comment","target":["https:\/\/www.motif.es\/blog\/enmarcate-un-motif-con-el-descuento-del-35-en-nuestras-laminas-decorativas\/#respond"]}]},{"@type":"WebPage","@id":"https:\/\/www.motif.es\/blog\/enmarcate-un-motif-con-el-descuento-del-35-en-nuestras-laminas-decorativas\/","url":"https:\/\/www.motif.es\/blog\/enmarcate-un-motif-con-el-descuento-del-35-en-nuestras-laminas-decorativas\/","name":"(En)Marcate un MOTIF con el descuento del 35% en nuestras l\u00e1minas decorativas - Blog Motif","isPartOf":{"@id":"https:\/\/www.motif.es\/blog\/#website"},"primaryImageOfPage":{"@id":"https:\/\/www.motif.es\/blog\/enmarcate-un-motif-con-el-descuento-del-35-en-nuestras-laminas-decorativas\/#primaryimage"},"image":{"@id":"https:\/\/www.motif.es\/blog\/enmarcate-un-motif-con-el-descuento-del-35-en-nuestras-laminas-decorativas\/#primaryimage"},"thumbnailUrl":"https:\/\/www.motif.es\/blog\/wp-content\/uploads\/2021\/09\/BANNER-LAMINAS-CUADRADO-1.jpg","datePublished":"2021-09-03T12:05:44+00:00","dateModified":"2021-09-06T12:26:44+00:00","description":"Septiembre tambi\u00e9n llega cargado de buenas noticias para que sigas convirtiendo tu hogar en tu hogar favorito, as\u00ed que para que cada vez te queden menos","breadcrumb":{"@id":"https:\/\/www.motif.es\/blog\/enmarcate-un-motif-con-el-descuento-del-35-en-nuestras-laminas-decorativas\/#breadcrumb"},"inLanguage":"es","potentialAction":[{"@type":"ReadAction","target":["https:\/\/www.motif.es\/blog\/enmarcate-un-motif-con-el-descuento-del-35-en-nuestras-laminas-decorativas\/"]}]},{"@type":"ImageObject","inLanguage":"es","@id":"https:\/\/www.motif.es\/blog\/enmarcate-un-motif-con-el-descuento-del-35-en-nuestras-laminas-decorativas\/#primaryimage","url":"https:\/\/www.motif.es\/blog\/wp-content\/uploads\/2021\/09\/BANNER-LAMINAS-CUADRADO-1.jpg","contentUrl":"https:\/\/www.motif.es\/blog\/wp-content\/uploads\/2021\/09\/BANNER-LAMINAS-CUADRADO-1.jpg","width":1100,"height":1100},{"@type":"BreadcrumbList","@id":"https:\/\/www.motif.es\/blog\/enmarcate-un-motif-con-el-descuento-del-35-en-nuestras-laminas-decorativas\/#breadcrumb","itemListElement":[{"@type":"ListItem","position":1,"name":"Blog","item":"https:\/\/www.motif.es\/blog\/"},{"@type":"ListItem","position":2,"name":"sobre MOTIF","item":"https:\/\/www.motif.es\/blog\/category\/sobre-motif\/"},{"@type":"ListItem","position":3,"name":"(En)Marcate un MOTIF con el descuento del 35% en nuestras l\u00e1minas decorativas"}]},{"@type":"WebSite","@id":"https:\/\/www.motif.es\/blog\/#website","url":"https:\/\/www.motif.es\/blog\/","name":"Blog Motif","description":"nuestro rinc\u00f3n para inspirarte","publisher":{"@id":"https:\/\/www.motif.es\/blog\/#organization"},"potentialAction":[{"@type":"SearchAction","target":{"@type":"EntryPoint","urlTemplate":"https:\/\/www.motif.es\/blog\/?s={search_term_string}"},"query-input":{"@type":"PropertyValueSpecification","valueRequired":true,"valueName":"search_term_string"}}],"inLanguage":"es"},{"@type":"Organization","@id":"https:\/\/www.motif.es\/blog\/#organization","name":"Motif Wallpapers S.L.U.","url":"https:\/\/www.motif.es\/blog\/","logo":{"@type":"ImageObject","inLanguage":"es","@id":"https:\/\/www.motif.es\/blog\/#\/schema\/logo\/image\/","url":"https:\/\/motif.es\/blog\/wp-content\/uploads\/2021\/06\/logo-motif.jpg","contentUrl":"https:\/\/motif.es\/blog\/wp-content\/uploads\/2021\/06\/logo-motif.jpg","width":464,"height":464,"caption":"Motif Wallpapers S.L.U."},"image":{"@id":"https:\/\/www.motif.es\/blog\/#\/schema\/logo\/image\/"},"sameAs":["https:\/\/www.facebook.com\/motifmorethanwalls\/","https:\/\/www.instagram.com\/motif_es\/?hl=es","https:\/\/www.pinterest.es\/motifwallpapers\/","https:\/\/www.youtube.com\/channel\/UCNaOmbxD6LjcQNj4vmfVIUg"]},{"@type":"Person","@id":"https:\/\/www.motif.es\/blog\/#\/schema\/person\/aac26ed80d8e02fb9525ec6b569d75e9","name":"Comunicaci\u00f3n Motif","image":{"@type":"ImageObject","inLanguage":"es","@id":"https:\/\/secure.gravatar.com\/avatar\/93b2fb49a03bd7a57b5f5e8c3b740113f14f25da86b090887d9353672de2d9b5?s=96&d=mm&r=g","url":"https:\/\/secure.gravatar.com\/avatar\/93b2fb49a03bd7a57b5f5e8c3b740113f14f25da86b090887d9353672de2d9b5?s=96&d=mm&r=g","contentUrl":"https:\/\/secure.gravatar.com\/avatar\/93b2fb49a03bd7a57b5f5e8c3b740113f14f25da86b090887d9353672de2d9b5?s=96&d=mm&r=g","caption":"Comunicaci\u00f3n Motif"},"url":"https:\/\/www.motif.es\/blog\/author\/comunicacion\/"}]}},"_links":{"self":[{"href":"https:\/\/www.motif.es\/blog\/wp-json\/wp\/v2\/posts\/970","targetHints":{"allow":["GET"]}}],"collection":[{"href":"https:\/\/www.motif.es\/blog\/wp-json\/wp\/v2\/posts"}],"about":[{"href":"https:\/\/www.motif.es\/blog\/wp-json\/wp\/v2\/types\/post"}],"author":[{"embeddable":true,"href":"https:\/\/www.motif.es\/blog\/wp-json\/wp\/v2\/users\/2"}],"replies":[{"embeddable":true,"href":"https:\/\/www.motif.es\/blog\/wp-json\/wp\/v2\/comments?post=970"}],"version-history":[{"count":1,"href":"https:\/\/www.motif.es\/blog\/wp-json\/wp\/v2\/posts\/970\/revisions"}],"predecessor-version":[{"id":977,"href":"https:\/\/www.motif.es\/blog\/wp-json\/wp\/v2\/posts\/970\/revisions\/977"}],"wp:featuredmedia":[{"embeddable":true,"href":"https:\/\/www.motif.es\/blog\/wp-json\/wp\/v2\/media\/976"}],"wp:attachment":[{"href":"https:\/\/www.motif.es\/blog\/wp-json\/wp\/v2\/media?parent=970"}],"wp:term":[{"taxonomy":"category","embeddable":true,"href":"https:\/\/www.motif.es\/blog\/wp-json\/wp\/v2\/categories?post=970"},{"taxonomy":"post_tag","embeddable":true,"href":"https:\/\/www.motif.es\/blog\/wp-json\/wp\/v2\/tags?post=970"}],"curies":[{"name":"wp","href":"https:\/\/api.w.org\/{rel}","templated":true}]}}